{"id":739,"date":"2023-06-08T04:47:07","date_gmt":"2023-06-08T04:47:07","guid":{"rendered":"http:\/\/hpaulick.de\/?p=739"},"modified":"2023-06-08T04:47:07","modified_gmt":"2023-06-08T04:47:07","slug":"die-asylpolitik-der-bundesregierung-ist-vor-allem-zynisch","status":"publish","type":"post","link":"https:\/\/hpaulick.de\/?p=739","title":{"rendered":"Die Asylpolitik der Bundesregierung ist vor allem zynisch?"},"content":{"rendered":"<div class=\"twitter-tweet\">\n<blockquote class=\"twitter-tweet\" data-lang=\"de\">\n<p lang=\"de\" dir=\"ltr\">Konjunktur<br \/>OECD sieht Erholung der Weltwirtschaft, jedoch nicht f\u00fcr Deutschland<br \/>Sinkende Energiepreise, weniger Inflation &amp; Lieferengp\u00e4sse: Globale Konjunktur erholt sich laut OECD langsam wieder<br \/>Nur Deutschland scheitert mit der GR\u00dcNEN Politik<br \/>Geht bergab<a href=\"https:\/\/t.co\/6yrnKD8Fhh\">https:\/\/t.co\/6yrnKD8Fhh<\/a><\/p>\n<p>&mdash; Friedliche Politische Mitte: zwischen AfD &amp; CDU (@Freund_WUPartei) <a href=\"https:\/\/twitter.com\/Freund_WUPartei\/status\/1666666228381892609?ref_src=twsrc%5Etfw\">8. Juni 2023<\/a><\/p><\/blockquote>\n<\/div>\n\n<div class=\"twitter-share\"><a href=\"https:\/\/twitter.com\/intent\/tweet?via=haraldpaulick\" class=\"twitter-share-button\" data-size=\"large\">Twittern<\/a><\/div>\n","protected":false},"excerpt":{"rendered":"<p>KonjunkturOECD sieht Erholung der Weltwirtschaft, jedoch nicht f\u00fcr DeutschlandSinkende Energiepreise, weniger Inflation &amp; Lieferengp\u00e4sse: Globale Konjunktur erholt sich laut OECD langsam wiederNur Deutschland scheitert mit der GR\u00dcNEN PolitikGeht bergabhttps:\/\/t.co\/6yrnKD8Fhh &mdash; Friedliche Politische Mitte: zwischen AfD &amp; CDU (@Freund_WUPartei) 8. Juni 2023<\/p>\n","protected":false},"author":1,"featured_media":0,"comment_status":"closed","ping_status":"open","sticky":false,"template":"","format":"standard","meta":{"footnotes":""},"categories":[{"term_id":27,"name":"Asylpolitik","slug":"asylpolitik","term_group":0,"term_taxonomy_id":27,"taxonomy":"category","description":"","parent":0,"count":326,"filter":"raw","cat_ID":27,"category_count":326,"category_description":"","cat_name":"Asylpolitik","category_nicename":"asylpolitik","category_parent":0},{"term_id":30,"name":"GR\u00dcNE Murks Politik","slug":"gruene-murks-politik","term_group":0,"term_taxonomy_id":30,"taxonomy":"category","description":"","parent":0,"count":805,"filter":"raw","cat_ID":30,"category_count":805,"category_description":"","cat_name":"GR\u00dcNE Murks Politik","category_nicename":"gruene-murks-politik","category_parent":0}],"tags":[],"class_list":["post-739","post","type-post","status-publish","format-standard","hentry","category-asylpolitik","category-gruene-murks-politik"],"images":{"thumbnail":false,"medium":false,"medium_large":false,"large":false,"full":false},"_links":{"self":[{"href":"https:\/\/hpaulick.de\/index.php?rest_route=\/wp\/v2\/posts\/739","targetHints":{"allow":["GET"]}}],"collection":[{"href":"https:\/\/hpaulick.de\/index.php?rest_route=\/wp\/v2\/posts"}],"about":[{"href":"https:\/\/hpaulick.de\/index.php?rest_route=\/wp\/v2\/types\/post"}],"author":[{"embeddable":true,"href":"https:\/\/hpaulick.de\/index.php?rest_route=\/wp\/v2\/users\/1"}],"replies":[{"embeddable":true,"href":"https:\/\/hpaulick.de\/index.php?rest_route=%2Fwp%2Fv2%2Fcomments&post=739"}],"version-history":[{"count":1,"href":"https:\/\/hpaulick.de\/index.php?rest_route=\/wp\/v2\/posts\/739\/revisions"}],"predecessor-version":[{"id":740,"href":"https:\/\/hpaulick.de\/index.php?rest_route=\/wp\/v2\/posts\/739\/revisions\/740"}],"wp:attachment":[{"href":"https:\/\/hpaulick.de\/index.php?rest_route=%2Fwp%2Fv2%2Fmedia&parent=739"}],"wp:term":[{"taxonomy":"category","embeddable":true,"href":"https:\/\/hpaulick.de\/index.php?rest_route=%2Fwp%2Fv2%2Fcategories&post=739"},{"taxonomy":"post_tag","embeddable":true,"href":"https:\/\/hpaulick.de\/index.php?rest_route=%2Fwp%2Fv2%2Ftags&post=739"}],"curies":[{"name":"wp","href":"https:\/\/api.w.org\/{rel}","templated":true}]}}