{"id":745,"date":"2023-06-08T06:12:56","date_gmt":"2023-06-08T06:12:56","guid":{"rendered":"http:\/\/hpaulick.de\/?p=745"},"modified":"2023-06-08T06:12:56","modified_gmt":"2023-06-08T06:12:56","slug":"zweifel-an-verfassungstreue-mit-welchen-argumenten-jetzt-ein-afd-verbot-ins-spiel-gebracht-wird","status":"publish","type":"post","link":"https:\/\/hpaulick.de\/?p=745","title":{"rendered":"ZWEIFEL AN VERFASSUNGSTREUE? &#8211; Mit welchen Argumenten jetzt ein AfD-Verbot ins Spiel gebracht wird"},"content":{"rendered":"<div class=\"twitter-tweet\">\n<blockquote class=\"twitter-tweet\" data-lang=\"de\">\n<p lang=\"de\" dir=\"ltr\"><a href=\"https:\/\/twitter.com\/hashtag\/ZWEIFEL?src=hash&amp;ref_src=twsrc%5Etfw\">#ZWEIFEL<\/a> AN <a href=\"https:\/\/twitter.com\/hashtag\/VERFASSUNGSTREUE?src=hash&amp;ref_src=twsrc%5Etfw\">#VERFASSUNGSTREUE<\/a>?<a href=\"https:\/\/twitter.com\/hashtag\/Argumente?src=hash&amp;ref_src=twsrc%5Etfw\">#Argumente<\/a> f\u00fcr ein <a href=\"https:\/\/twitter.com\/hashtag\/AfD?src=hash&amp;ref_src=twsrc%5Etfw\">#AfD<\/a>&#8211;<a href=\"https:\/\/twitter.com\/hashtag\/Verbot?src=hash&amp;ref_src=twsrc%5Etfw\">#Verbot<\/a><br \/>Mit dem Verbot der AfD wir kein <a href=\"https:\/\/twitter.com\/hashtag\/unzufriedener?src=hash&amp;ref_src=twsrc%5Etfw\">#unzufriedener<\/a> <a href=\"https:\/\/twitter.com\/hashtag\/W%C3%A4hler?src=hash&amp;ref_src=twsrc%5Etfw\">#W\u00e4hler<\/a> zu den Altparteien zur\u00fcckkehren<br \/>Im Gegenteil, damit werden diese W\u00e4hler in andere  PARTEIEN gedr\u00e4ngt, die rechts der Mitte sind, zB. <a href=\"https:\/\/twitter.com\/hashtag\/BIW?src=hash&amp;ref_src=twsrc%5Etfw\">#BIW<\/a> <a href=\"https:\/\/t.co\/G86vYOBXjx\">https:\/\/t.co\/G86vYOBXjx<\/a><\/p>\n<p>&mdash; Friedliche Politische Mitte: zwischen AfD &amp; CDU (@Freund_WUPartei) <a href=\"https:\/\/twitter.com\/Freund_WUPartei\/status\/1666689546010984448?ref_src=twsrc%5Etfw\">8. Juni 2023<\/a><\/p><\/blockquote>\n<\/div>\n\n<div class=\"twitter-share\"><a href=\"https:\/\/twitter.com\/intent\/tweet?via=haraldpaulick\" class=\"twitter-share-button\" data-size=\"large\">Twittern<\/a><\/div>\n","protected":false},"excerpt":{"rendered":"<p>#ZWEIFEL AN #VERFASSUNGSTREUE?#Argumente f\u00fcr ein #AfD&#8211;#VerbotMit dem Verbot der AfD wir kein #unzufriedener #W\u00e4hler zu den Altparteien zur\u00fcckkehrenIm Gegenteil, damit werden diese W\u00e4hler in andere PARTEIEN gedr\u00e4ngt, die rechts der Mitte sind, zB. #BIW https:\/\/t.co\/G86vYOBXjx &mdash; Friedliche Politische Mitte: zwischen AfD &amp; CDU (@Freund_WUPartei) 8. Juni 2023<\/p>\n","protected":false},"author":1,"featured_media":0,"comment_status":"closed","ping_status":"open","sticky":false,"template":"","format":"standard","meta":{"footnotes":""},"categories":[{"term_id":42,"name":"AfD","slug":"afd","term_group":0,"term_taxonomy_id":42,"taxonomy":"category","description":"","parent":0,"count":120,"filter":"raw","cat_ID":42,"category_count":120,"category_description":"","cat_name":"AfD","category_nicename":"afd","category_parent":0},{"term_id":27,"name":"Asylpolitik","slug":"asylpolitik","term_group":0,"term_taxonomy_id":27,"taxonomy":"category","description":"","parent":0,"count":325,"filter":"raw","cat_ID":27,"category_count":325,"category_description":"","cat_name":"Asylpolitik","category_nicename":"asylpolitik","category_parent":0},{"term_id":30,"name":"GR\u00dcNE Murks Politik","slug":"gruene-murks-politik","term_group":0,"term_taxonomy_id":30,"taxonomy":"category","description":"","parent":0,"count":804,"filter":"raw","cat_ID":30,"category_count":804,"category_description":"","cat_name":"GR\u00dcNE Murks Politik","category_nicename":"gruene-murks-politik","category_parent":0}],"tags":[],"class_list":["post-745","post","type-post","status-publish","format-standard","hentry","category-afd","category-asylpolitik","category-gruene-murks-politik"],"images":{"thumbnail":false,"medium":false,"medium_large":false,"large":false,"full":false},"_links":{"self":[{"href":"https:\/\/hpaulick.de\/index.php?rest_route=\/wp\/v2\/posts\/745","targetHints":{"allow":["GET"]}}],"collection":[{"href":"https:\/\/hpaulick.de\/index.php?rest_route=\/wp\/v2\/posts"}],"about":[{"href":"https:\/\/hpaulick.de\/index.php?rest_route=\/wp\/v2\/types\/post"}],"author":[{"embeddable":true,"href":"https:\/\/hpaulick.de\/index.php?rest_route=\/wp\/v2\/users\/1"}],"replies":[{"embeddable":true,"href":"https:\/\/hpaulick.de\/index.php?rest_route=%2Fwp%2Fv2%2Fcomments&post=745"}],"version-history":[{"count":1,"href":"https:\/\/hpaulick.de\/index.php?rest_route=\/wp\/v2\/posts\/745\/revisions"}],"predecessor-version":[{"id":746,"href":"https:\/\/hpaulick.de\/index.php?rest_route=\/wp\/v2\/posts\/745\/revisions\/746"}],"wp:attachment":[{"href":"https:\/\/hpaulick.de\/index.php?rest_route=%2Fwp%2Fv2%2Fmedia&parent=745"}],"wp:term":[{"taxonomy":"category","embeddable":true,"href":"https:\/\/hpaulick.de\/index.php?rest_route=%2Fwp%2Fv2%2Fcategories&post=745"},{"taxonomy":"post_tag","embeddable":true,"href":"https:\/\/hpaulick.de\/index.php?rest_route=%2Fwp%2Fv2%2Ftags&post=745"}],"curies":[{"name":"wp","href":"https:\/\/api.w.org\/{rel}","templated":true}]}}