{"id":759,"date":"2023-06-09T09:49:14","date_gmt":"2023-06-09T09:49:14","guid":{"rendered":"http:\/\/hpaulick.de\/?p=759"},"modified":"2023-06-09T09:49:14","modified_gmt":"2023-06-09T09:49:14","slug":"asylkompromiss-rote-linie-ueberschritten","status":"publish","type":"post","link":"https:\/\/hpaulick.de\/?p=759","title":{"rendered":"Asylkompromiss &#8211; Rote Linie \u00fcberschritten"},"content":{"rendered":"<div class=\"twitter-tweet\">\n<blockquote class=\"twitter-tweet\" data-lang=\"de\">\n<p lang=\"de\" dir=\"ltr\"><a href=\"https:\/\/twitter.com\/hashtag\/Asylkompromiss?src=hash&amp;ref_src=twsrc%5Etfw\">#Asylkompromiss<\/a><br \/>Rote Linie \u00fcberschritten<br \/>Gr\u00fcne 17% Mehrheitspartei geh\u00f6rt mit 4% abgestraft<br \/>DEUTSCHLAND ist jetzt schon <a href=\"https:\/\/twitter.com\/hashtag\/17fach?src=hash&amp;ref_src=twsrc%5Etfw\">#17fach<\/a> <a href=\"https:\/\/twitter.com\/hashtag\/%C3%BCberv%C3%B6lkert?src=hash&amp;ref_src=twsrc%5Etfw\">#\u00fcberv\u00f6lkert<\/a> gegen\u00fcber Weltdurchschnitt\/km\u00b2<a href=\"https:\/\/twitter.com\/hashtag\/Doppelte?src=hash&amp;ref_src=twsrc%5Etfw\">#Doppelte<\/a> <a href=\"https:\/\/twitter.com\/hashtag\/Bev%C3%B6lkerungsdichte?src=hash&amp;ref_src=twsrc%5Etfw\">#Bev\u00f6lkerungsdichte<\/a> wie <a href=\"https:\/\/twitter.com\/hashtag\/CHINA?src=hash&amp;ref_src=twsrc%5Etfw\">#CHINA<\/a> &amp; t\u00e4glich kommen weitere 500 Migranten dazu <a href=\"https:\/\/t.co\/BCfQelnNAz\">https:\/\/t.co\/BCfQelnNAz<\/a><\/p>\n<p>&mdash; Menippeischer Satiriker, Blogger, Schriftsteller (@Scheinheilig16) <a href=\"https:\/\/twitter.com\/Scheinheilig16\/status\/1667106370317959171?ref_src=twsrc%5Etfw\">9. Juni 2023<\/a><\/p><\/blockquote>\n<\/div>\n\n<div class=\"twitter-share\"><a href=\"https:\/\/twitter.com\/intent\/tweet?via=haraldpaulick\" class=\"twitter-share-button\" data-size=\"large\">Twittern<\/a><\/div>\n","protected":false},"excerpt":{"rendered":"<p>#AsylkompromissRote Linie \u00fcberschrittenGr\u00fcne 17% Mehrheitspartei geh\u00f6rt mit 4% abgestraftDEUTSCHLAND ist jetzt schon #17fach #\u00fcberv\u00f6lkert gegen\u00fcber Weltdurchschnitt\/km\u00b2#Doppelte #Bev\u00f6lkerungsdichte wie #CHINA &amp; t\u00e4glich kommen weitere 500 Migranten dazu https:\/\/t.co\/BCfQelnNAz &mdash; Menippeischer Satiriker, Blogger, Schriftsteller (@Scheinheilig16) 9. Juni 2023<\/p>\n","protected":false},"author":1,"featured_media":0,"comment_status":"closed","ping_status":"open","sticky":false,"template":"","format":"standard","meta":{"footnotes":""},"categories":[{"term_id":27,"name":"Asylpolitik","slug":"asylpolitik","term_group":0,"term_taxonomy_id":27,"taxonomy":"category","description":"","parent":0,"count":325,"filter":"raw","cat_ID":27,"category_count":325,"category_description":"","cat_name":"Asylpolitik","category_nicename":"asylpolitik","category_parent":0},{"term_id":49,"name":"Deutschland schafft sich ab","slug":"deutschland-schafft-sich-ab","term_group":0,"term_taxonomy_id":49,"taxonomy":"category","description":"","parent":0,"count":662,"filter":"raw","cat_ID":49,"category_count":662,"category_description":"","cat_name":"Deutschland schafft sich ab","category_nicename":"deutschland-schafft-sich-ab","category_parent":0},{"term_id":30,"name":"GR\u00dcNE Murks Politik","slug":"gruene-murks-politik","term_group":0,"term_taxonomy_id":30,"taxonomy":"category","description":"","parent":0,"count":804,"filter":"raw","cat_ID":30,"category_count":804,"category_description":"","cat_name":"GR\u00dcNE Murks Politik","category_nicename":"gruene-murks-politik","category_parent":0},{"term_id":40,"name":"Partei ohne ARSCH in der HOSE","slug":"partei-ohne-arsch-in-der-hose","term_group":0,"term_taxonomy_id":40,"taxonomy":"category","description":"","parent":0,"count":236,"filter":"raw","cat_ID":40,"category_count":236,"category_description":"","cat_name":"Partei ohne ARSCH in der HOSE","category_nicename":"partei-ohne-arsch-in-der-hose","category_parent":0}],"tags":[],"class_list":["post-759","post","type-post","status-publish","format-standard","hentry","category-asylpolitik","category-deutschland-schafft-sich-ab","category-gruene-murks-politik","category-partei-ohne-arsch-in-der-hose"],"images":{"thumbnail":false,"medium":false,"medium_large":false,"large":false,"full":false},"_links":{"self":[{"href":"https:\/\/hpaulick.de\/index.php?rest_route=\/wp\/v2\/posts\/759","targetHints":{"allow":["GET"]}}],"collection":[{"href":"https:\/\/hpaulick.de\/index.php?rest_route=\/wp\/v2\/posts"}],"about":[{"href":"https:\/\/hpaulick.de\/index.php?rest_route=\/wp\/v2\/types\/post"}],"author":[{"embeddable":true,"href":"https:\/\/hpaulick.de\/index.php?rest_route=\/wp\/v2\/users\/1"}],"replies":[{"embeddable":true,"href":"https:\/\/hpaulick.de\/index.php?rest_route=%2Fwp%2Fv2%2Fcomments&post=759"}],"version-history":[{"count":1,"href":"https:\/\/hpaulick.de\/index.php?rest_route=\/wp\/v2\/posts\/759\/revisions"}],"predecessor-version":[{"id":760,"href":"https:\/\/hpaulick.de\/index.php?rest_route=\/wp\/v2\/posts\/759\/revisions\/760"}],"wp:attachment":[{"href":"https:\/\/hpaulick.de\/index.php?rest_route=%2Fwp%2Fv2%2Fmedia&parent=759"}],"wp:term":[{"taxonomy":"category","embeddable":true,"href":"https:\/\/hpaulick.de\/index.php?rest_route=%2Fwp%2Fv2%2Fcategories&post=759"},{"taxonomy":"post_tag","embeddable":true,"href":"https:\/\/hpaulick.de\/index.php?rest_route=%2Fwp%2Fv2%2Ftags&post=759"}],"curies":[{"name":"wp","href":"https:\/\/api.w.org\/{rel}","templated":true}]}}