{"id":763,"date":"2023-06-10T06:12:32","date_gmt":"2023-06-10T06:12:32","guid":{"rendered":"http:\/\/hpaulick.de\/?p=763"},"modified":"2023-06-10T06:22:31","modified_gmt":"2023-06-10T06:22:31","slug":"omid-nouripour-was-vereinbart-worden-ist-ist-nicht-geltendes-recht","status":"publish","type":"post","link":"https:\/\/hpaulick.de\/?p=763","title":{"rendered":"Omid Nouripour: Was vereinbart worden ist, ist nicht geltendes Recht"},"content":{"rendered":"<div class=\"twitter-tweet\">\n<blockquote class=\"twitter-tweet\" data-lang=\"de\">\n<p lang=\"de\" dir=\"ltr\">Omid Nouripour<br \/>Was vereinbart worden ist, ist nicht geltendes Recht<br \/>Wenn man als GR\u00dcNER 1 &amp; 1 summieren k\u00f6nnte, w\u00fcrde man erkennen, da\u00df ein sich immer weiter f\u00fcllendes EUROPA nicht die L\u00d6SUNG sein kann<br \/>Wenn alle Afrikaner in EUROPA sind, ist dann SCHLUSS? <a href=\"https:\/\/t.co\/SUMNH6uADg\">https:\/\/t.co\/SUMNH6uADg<\/a><\/p>\n<p>&mdash; Menippeischer Satiriker, Blogger, Schriftsteller (@Scheinheilig16) <a href=\"https:\/\/twitter.com\/Scheinheilig16\/status\/1667414024802254850?ref_src=twsrc%5Etfw\">10. Juni 2023<\/a><\/p><\/blockquote>\n<\/div>\n\n<div class=\"twitter-share\"><a href=\"https:\/\/twitter.com\/intent\/tweet?via=haraldpaulick\" class=\"twitter-share-button\" data-size=\"large\">Twittern<\/a><\/div>\n","protected":false},"excerpt":{"rendered":"<p>Omid NouripourWas vereinbart worden ist, ist nicht geltendes RechtWenn man als GR\u00dcNER 1 &amp; 1 summieren k\u00f6nnte, w\u00fcrde man erkennen, da\u00df ein sich immer weiter f\u00fcllendes EUROPA nicht die L\u00d6SUNG sein kannWenn alle Afrikaner in EUROPA sind, ist dann SCHLUSS? https:\/\/t.co\/SUMNH6uADg &mdash; Menippeischer Satiriker, Blogger, Schriftsteller (@Scheinheilig16) 10. Juni 2023<\/p>\n","protected":false},"author":1,"featured_media":0,"comment_status":"closed","ping_status":"open","sticky":false,"template":"","format":"standard","meta":{"footnotes":""},"categories":[{"term_id":27,"name":"Asylpolitik","slug":"asylpolitik","term_group":0,"term_taxonomy_id":27,"taxonomy":"category","description":"","parent":0,"count":326,"filter":"raw","cat_ID":27,"category_count":326,"category_description":"","cat_name":"Asylpolitik","category_nicename":"asylpolitik","category_parent":0},{"term_id":49,"name":"Deutschland schafft sich ab","slug":"deutschland-schafft-sich-ab","term_group":0,"term_taxonomy_id":49,"taxonomy":"category","description":"","parent":0,"count":663,"filter":"raw","cat_ID":49,"category_count":663,"category_description":"","cat_name":"Deutschland schafft sich ab","category_nicename":"deutschland-schafft-sich-ab","category_parent":0},{"term_id":30,"name":"GR\u00dcNE Murks Politik","slug":"gruene-murks-politik","term_group":0,"term_taxonomy_id":30,"taxonomy":"category","description":"","parent":0,"count":805,"filter":"raw","cat_ID":30,"category_count":805,"category_description":"","cat_name":"GR\u00dcNE Murks Politik","category_nicename":"gruene-murks-politik","category_parent":0}],"tags":[],"class_list":["post-763","post","type-post","status-publish","format-standard","hentry","category-asylpolitik","category-deutschland-schafft-sich-ab","category-gruene-murks-politik"],"images":{"thumbnail":false,"medium":false,"medium_large":false,"large":false,"full":false},"_links":{"self":[{"href":"https:\/\/hpaulick.de\/index.php?rest_route=\/wp\/v2\/posts\/763","targetHints":{"allow":["GET"]}}],"collection":[{"href":"https:\/\/hpaulick.de\/index.php?rest_route=\/wp\/v2\/posts"}],"about":[{"href":"https:\/\/hpaulick.de\/index.php?rest_route=\/wp\/v2\/types\/post"}],"author":[{"embeddable":true,"href":"https:\/\/hpaulick.de\/index.php?rest_route=\/wp\/v2\/users\/1"}],"replies":[{"embeddable":true,"href":"https:\/\/hpaulick.de\/index.php?rest_route=%2Fwp%2Fv2%2Fcomments&post=763"}],"version-history":[{"count":1,"href":"https:\/\/hpaulick.de\/index.php?rest_route=\/wp\/v2\/posts\/763\/revisions"}],"predecessor-version":[{"id":764,"href":"https:\/\/hpaulick.de\/index.php?rest_route=\/wp\/v2\/posts\/763\/revisions\/764"}],"wp:attachment":[{"href":"https:\/\/hpaulick.de\/index.php?rest_route=%2Fwp%2Fv2%2Fmedia&parent=763"}],"wp:term":[{"taxonomy":"category","embeddable":true,"href":"https:\/\/hpaulick.de\/index.php?rest_route=%2Fwp%2Fv2%2Fcategories&post=763"},{"taxonomy":"post_tag","embeddable":true,"href":"https:\/\/hpaulick.de\/index.php?rest_route=%2Fwp%2Fv2%2Ftags&post=763"}],"curies":[{"name":"wp","href":"https:\/\/api.w.org\/{rel}","templated":true}]}}