{"id":798,"date":"2023-06-12T06:52:15","date_gmt":"2023-06-12T06:52:15","guid":{"rendered":"http:\/\/hpaulick.de\/?p=798"},"modified":"2023-06-12T06:52:15","modified_gmt":"2023-06-12T06:52:15","slug":"fakten-zur-afd-so-weh-sie-auch-tun","status":"publish","type":"post","link":"https:\/\/hpaulick.de\/?p=798","title":{"rendered":"Fakten zur AfD, so weh sie auch tun"},"content":{"rendered":"<div class=\"twitter-tweet\">\n<blockquote class=\"twitter-tweet\" data-lang=\"de\">\n<p lang=\"de\" dir=\"ltr\"><a href=\"https:\/\/twitter.com\/hashtag\/Fakten?src=hash&amp;ref_src=twsrc%5Etfw\">#Fakten<\/a> zur <a href=\"https:\/\/twitter.com\/hashtag\/AfD?src=hash&amp;ref_src=twsrc%5Etfw\">#AfD<\/a>, so weh sie auch tun<br \/>Ihr Erfolg ist noch kein Beweis ihrer Gef\u00e4hrlichkeit<br \/>Altparteien haben f\u00fcr die AfD am rechten Rand 2013 Platz gemacht<br \/>Sie gewinnt immer mehr W\u00e4hler der <a href=\"https:\/\/twitter.com\/hashtag\/Mitte?src=hash&amp;ref_src=twsrc%5Etfw\">#Mitte<\/a>, weil die frustriert sind \u00fcber die Politik der Altparteien <a href=\"https:\/\/t.co\/wi2RLtt1cm\">https:\/\/t.co\/wi2RLtt1cm<\/a><\/p>\n<p>&mdash; Menippeischer Satiriker, Blogger, Schriftsteller (@Scheinheilig16) <a href=\"https:\/\/twitter.com\/Scheinheilig16\/status\/1668144870043664384?ref_src=twsrc%5Etfw\">12. Juni 2023<\/a><\/p><\/blockquote>\n<\/div>\n\n<div class=\"twitter-share\"><a href=\"https:\/\/twitter.com\/intent\/tweet?via=haraldpaulick\" class=\"twitter-share-button\" data-size=\"large\">Twittern<\/a><\/div>\n","protected":false},"excerpt":{"rendered":"<p>#Fakten zur #AfD, so weh sie auch tunIhr Erfolg ist noch kein Beweis ihrer Gef\u00e4hrlichkeitAltparteien haben f\u00fcr die AfD am rechten Rand 2013 Platz gemachtSie gewinnt immer mehr W\u00e4hler der #Mitte, weil die frustriert sind \u00fcber die Politik der Altparteien https:\/\/t.co\/wi2RLtt1cm &mdash; Menippeischer Satiriker, Blogger, Schriftsteller (@Scheinheilig16) 12. Juni 2023<\/p>\n","protected":false},"author":1,"featured_media":0,"comment_status":"closed","ping_status":"open","sticky":false,"template":"","format":"standard","meta":{"footnotes":""},"categories":[{"term_id":42,"name":"AfD","slug":"afd","term_group":0,"term_taxonomy_id":42,"taxonomy":"category","description":"","parent":0,"count":120,"filter":"raw","cat_ID":42,"category_count":120,"category_description":"","cat_name":"AfD","category_nicename":"afd","category_parent":0},{"term_id":54,"name":"Bildungslose Politiker","slug":"bildungslose-politiker","term_group":0,"term_taxonomy_id":54,"taxonomy":"category","description":"","parent":0,"count":676,"filter":"raw","cat_ID":54,"category_count":676,"category_description":"","cat_name":"Bildungslose Politiker","category_nicename":"bildungslose-politiker","category_parent":0},{"term_id":49,"name":"Deutschland schafft sich ab","slug":"deutschland-schafft-sich-ab","term_group":0,"term_taxonomy_id":49,"taxonomy":"category","description":"","parent":0,"count":662,"filter":"raw","cat_ID":49,"category_count":662,"category_description":"","cat_name":"Deutschland schafft sich ab","category_nicename":"deutschland-schafft-sich-ab","category_parent":0},{"term_id":30,"name":"GR\u00dcNE Murks Politik","slug":"gruene-murks-politik","term_group":0,"term_taxonomy_id":30,"taxonomy":"category","description":"","parent":0,"count":804,"filter":"raw","cat_ID":30,"category_count":804,"category_description":"","cat_name":"GR\u00dcNE Murks Politik","category_nicename":"gruene-murks-politik","category_parent":0},{"term_id":43,"name":"Rechtsextremismus","slug":"rechtsextremismus","term_group":0,"term_taxonomy_id":43,"taxonomy":"category","description":"","parent":0,"count":18,"filter":"raw","cat_ID":43,"category_count":18,"category_description":"","cat_name":"Rechtsextremismus","category_nicename":"rechtsextremismus","category_parent":0}],"tags":[],"class_list":["post-798","post","type-post","status-publish","format-standard","hentry","category-afd","category-bildungslose-politiker","category-deutschland-schafft-sich-ab","category-gruene-murks-politik","category-rechtsextremismus"],"images":{"thumbnail":false,"medium":false,"medium_large":false,"large":false,"full":false},"_links":{"self":[{"href":"https:\/\/hpaulick.de\/index.php?rest_route=\/wp\/v2\/posts\/798","targetHints":{"allow":["GET"]}}],"collection":[{"href":"https:\/\/hpaulick.de\/index.php?rest_route=\/wp\/v2\/posts"}],"about":[{"href":"https:\/\/hpaulick.de\/index.php?rest_route=\/wp\/v2\/types\/post"}],"author":[{"embeddable":true,"href":"https:\/\/hpaulick.de\/index.php?rest_route=\/wp\/v2\/users\/1"}],"replies":[{"embeddable":true,"href":"https:\/\/hpaulick.de\/index.php?rest_route=%2Fwp%2Fv2%2Fcomments&post=798"}],"version-history":[{"count":1,"href":"https:\/\/hpaulick.de\/index.php?rest_route=\/wp\/v2\/posts\/798\/revisions"}],"predecessor-version":[{"id":799,"href":"https:\/\/hpaulick.de\/index.php?rest_route=\/wp\/v2\/posts\/798\/revisions\/799"}],"wp:attachment":[{"href":"https:\/\/hpaulick.de\/index.php?rest_route=%2Fwp%2Fv2%2Fmedia&parent=798"}],"wp:term":[{"taxonomy":"category","embeddable":true,"href":"https:\/\/hpaulick.de\/index.php?rest_route=%2Fwp%2Fv2%2Fcategories&post=798"},{"taxonomy":"post_tag","embeddable":true,"href":"https:\/\/hpaulick.de\/index.php?rest_route=%2Fwp%2Fv2%2Ftags&post=798"}],"curies":[{"name":"wp","href":"https:\/\/api.w.org\/{rel}","templated":true}]}}