{"id":802,"date":"2023-06-12T08:24:05","date_gmt":"2023-06-12T08:24:05","guid":{"rendered":"http:\/\/hpaulick.de\/?p=802"},"modified":"2023-06-12T08:24:05","modified_gmt":"2023-06-12T08:24:05","slug":"habeck-gruene-will-muellverbrennung-zu-erneuerbaren-energie-um-deklarieren","status":"publish","type":"post","link":"https:\/\/hpaulick.de\/?p=802","title":{"rendered":"HABECK GR\u00dcNE will M\u00fcllverbrennung zu erneuerbaren ENERGIE um deklarieren"},"content":{"rendered":"<div class=\"twitter-tweet\">\n<blockquote class=\"twitter-tweet\" data-lang=\"de\">\n<p lang=\"de\" dir=\"ltr\">HABECK GR\u00dcNE will M\u00fcllverbrennung zu erneuerbaren ENERGIE um deklarieren. <br \/>GR\u00d6SSTEN DRECKSCHLEUDERN?<br \/>Wenn Gas &amp; \u00d6lheizung verboten werden, dann m\u00fcssen das auch M\u00fcllverbrennungsanlagen<br \/>ABW\u00c4RME AUS THERMISCHER ABFALLBEHANDLUNG IST KEINE ERNEUERBARE ENERGIE <a href=\"https:\/\/t.co\/eDH0VF0QGH\">https:\/\/t.co\/eDH0VF0QGH<\/a>.<\/p>\n<p>&mdash; Menippeischer Satiriker, Blogger, Schriftsteller (@Scheinheilig16) <a href=\"https:\/\/twitter.com\/Scheinheilig16\/status\/1668172031420952576?ref_src=twsrc%5Etfw\">12. Juni 2023<\/a><\/p><\/blockquote>\n<\/div>\n\n<div class=\"twitter-share\"><a href=\"https:\/\/twitter.com\/intent\/tweet?via=haraldpaulick\" class=\"twitter-share-button\" data-size=\"large\">Twittern<\/a><\/div>\n","protected":false},"excerpt":{"rendered":"<p>HABECK GR\u00dcNE will M\u00fcllverbrennung zu erneuerbaren ENERGIE um deklarieren. GR\u00d6SSTEN DRECKSCHLEUDERN?Wenn Gas &amp; \u00d6lheizung verboten werden, dann m\u00fcssen das auch M\u00fcllverbrennungsanlagenABW\u00c4RME AUS THERMISCHER ABFALLBEHANDLUNG IST KEINE ERNEUERBARE ENERGIE https:\/\/t.co\/eDH0VF0QGH. &mdash; Menippeischer Satiriker, Blogger, Schriftsteller (@Scheinheilig16) 12. Juni 2023<\/p>\n","protected":false},"author":1,"featured_media":0,"comment_status":"closed","ping_status":"open","sticky":false,"template":"","format":"standard","meta":{"footnotes":""},"categories":[{"term_id":30,"name":"GR\u00dcNE Murks Politik","slug":"gruene-murks-politik","term_group":0,"term_taxonomy_id":30,"taxonomy":"category","description":"","parent":0,"count":804,"filter":"raw","cat_ID":30,"category_count":804,"category_description":"","cat_name":"GR\u00dcNE Murks Politik","category_nicename":"gruene-murks-politik","category_parent":0}],"tags":[],"class_list":["post-802","post","type-post","status-publish","format-standard","hentry","category-gruene-murks-politik"],"images":{"thumbnail":false,"medium":false,"medium_large":false,"large":false,"full":false},"_links":{"self":[{"href":"https:\/\/hpaulick.de\/index.php?rest_route=\/wp\/v2\/posts\/802","targetHints":{"allow":["GET"]}}],"collection":[{"href":"https:\/\/hpaulick.de\/index.php?rest_route=\/wp\/v2\/posts"}],"about":[{"href":"https:\/\/hpaulick.de\/index.php?rest_route=\/wp\/v2\/types\/post"}],"author":[{"embeddable":true,"href":"https:\/\/hpaulick.de\/index.php?rest_route=\/wp\/v2\/users\/1"}],"replies":[{"embeddable":true,"href":"https:\/\/hpaulick.de\/index.php?rest_route=%2Fwp%2Fv2%2Fcomments&post=802"}],"version-history":[{"count":1,"href":"https:\/\/hpaulick.de\/index.php?rest_route=\/wp\/v2\/posts\/802\/revisions"}],"predecessor-version":[{"id":803,"href":"https:\/\/hpaulick.de\/index.php?rest_route=\/wp\/v2\/posts\/802\/revisions\/803"}],"wp:attachment":[{"href":"https:\/\/hpaulick.de\/index.php?rest_route=%2Fwp%2Fv2%2Fmedia&parent=802"}],"wp:term":[{"taxonomy":"category","embeddable":true,"href":"https:\/\/hpaulick.de\/index.php?rest_route=%2Fwp%2Fv2%2Fcategories&post=802"},{"taxonomy":"post_tag","embeddable":true,"href":"https:\/\/hpaulick.de\/index.php?rest_route=%2Fwp%2Fv2%2Ftags&post=802"}],"curies":[{"name":"wp","href":"https:\/\/api.w.org\/{rel}","templated":true}]}}