{"id":808,"date":"2023-06-14T04:46:14","date_gmt":"2023-06-14T04:46:14","guid":{"rendered":"http:\/\/hpaulick.de\/?p=808"},"modified":"2023-06-14T04:46:49","modified_gmt":"2023-06-14T04:46:49","slug":"kv-beitraege-steigen","status":"publish","type":"post","link":"https:\/\/hpaulick.de\/?p=808","title":{"rendered":"KV Beitr\u00e4ge steigen"},"content":{"rendered":"<div class=\"twitter-tweet\">\n<blockquote class=\"twitter-tweet\" data-lang=\"de\">\n<p lang=\"de\" dir=\"ltr\"><a href=\"https:\/\/twitter.com\/hashtag\/KV?src=hash&amp;ref_src=twsrc%5Etfw\">#KV<\/a> <a href=\"https:\/\/twitter.com\/hashtag\/Beitr%C3%A4ge?src=hash&amp;ref_src=twsrc%5Etfw\">#Beitr\u00e4ge<\/a> steigen<br \/>Wenn man alle Fl\u00fcchtlinge, Migranten &amp; Asylanten aus Krankenkassen herausnimmt, w\u00fcrde das f\u00fcr ZAHLENDEN B\u00dcRGER nur 50% kosten<br \/>Wie bei NEUEN Wohnungen, die nur f\u00fcr Migranten gebaut werden, werden Beitr\u00e4ge nur wegen NICHTZAHLER erh\u00f6ht<br \/>DEUTSCHE werden verarscht <a href=\"https:\/\/t.co\/9zbaxW1ovY\">https:\/\/t.co\/9zbaxW1ovY<\/a><\/p>\n<p>&mdash; Friedliche Politische Mitte: zwischen AfD &amp; CDU (@Freund_WUPartei) <a href=\"https:\/\/twitter.com\/Freund_WUPartei\/status\/1668841998181191687?ref_src=twsrc%5Etfw\">14. Juni 2023<\/a><\/p><\/blockquote>\n<\/div>\n\n<div class=\"twitter-share\"><a href=\"https:\/\/twitter.com\/intent\/tweet?via=haraldpaulick\" class=\"twitter-share-button\" data-size=\"large\">Twittern<\/a><\/div>\n","protected":false},"excerpt":{"rendered":"<p>#KV #Beitr\u00e4ge steigenWenn man alle Fl\u00fcchtlinge, Migranten &amp; Asylanten aus Krankenkassen herausnimmt, w\u00fcrde das f\u00fcr ZAHLENDEN B\u00dcRGER nur 50% kostenWie bei NEUEN Wohnungen, die nur f\u00fcr Migranten gebaut werden, werden Beitr\u00e4ge nur wegen NICHTZAHLER erh\u00f6htDEUTSCHE werden verarscht https:\/\/t.co\/9zbaxW1ovY &mdash; Friedliche Politische Mitte: zwischen AfD &amp; CDU (@Freund_WUPartei) 14. Juni 2023<\/p>\n","protected":false},"author":1,"featured_media":0,"comment_status":"closed","ping_status":"open","sticky":false,"template":"","format":"standard","meta":{"footnotes":""},"categories":[{"term_id":57,"name":"Krankenversicherung","slug":"krankenversicherung","term_group":0,"term_taxonomy_id":57,"taxonomy":"category","description":"","parent":0,"count":6,"filter":"raw","cat_ID":57,"category_count":6,"category_description":"","cat_name":"Krankenversicherung","category_nicename":"krankenversicherung","category_parent":0}],"tags":[],"class_list":["post-808","post","type-post","status-publish","format-standard","hentry","category-krankenversicherung"],"images":{"thumbnail":false,"medium":false,"medium_large":false,"large":false,"full":false},"_links":{"self":[{"href":"https:\/\/hpaulick.de\/index.php?rest_route=\/wp\/v2\/posts\/808","targetHints":{"allow":["GET"]}}],"collection":[{"href":"https:\/\/hpaulick.de\/index.php?rest_route=\/wp\/v2\/posts"}],"about":[{"href":"https:\/\/hpaulick.de\/index.php?rest_route=\/wp\/v2\/types\/post"}],"author":[{"embeddable":true,"href":"https:\/\/hpaulick.de\/index.php?rest_route=\/wp\/v2\/users\/1"}],"replies":[{"embeddable":true,"href":"https:\/\/hpaulick.de\/index.php?rest_route=%2Fwp%2Fv2%2Fcomments&post=808"}],"version-history":[{"count":1,"href":"https:\/\/hpaulick.de\/index.php?rest_route=\/wp\/v2\/posts\/808\/revisions"}],"predecessor-version":[{"id":809,"href":"https:\/\/hpaulick.de\/index.php?rest_route=\/wp\/v2\/posts\/808\/revisions\/809"}],"wp:attachment":[{"href":"https:\/\/hpaulick.de\/index.php?rest_route=%2Fwp%2Fv2%2Fmedia&parent=808"}],"wp:term":[{"taxonomy":"category","embeddable":true,"href":"https:\/\/hpaulick.de\/index.php?rest_route=%2Fwp%2Fv2%2Fcategories&post=808"},{"taxonomy":"post_tag","embeddable":true,"href":"https:\/\/hpaulick.de\/index.php?rest_route=%2Fwp%2Fv2%2Ftags&post=808"}],"curies":[{"name":"wp","href":"https:\/\/api.w.org\/{rel}","templated":true}]}}