{"id":849,"date":"2023-06-16T06:15:47","date_gmt":"2023-06-16T06:15:47","guid":{"rendered":"http:\/\/hpaulick.de\/?p=849"},"modified":"2023-06-16T06:15:47","modified_gmt":"2023-06-16T06:15:47","slug":"eine-wueste-in-brandenburg-ja-aber-schuld-ist-nicht-klimawandel-nur-der-mensch","status":"publish","type":"post","link":"https:\/\/hpaulick.de\/?p=849","title":{"rendered":"Eine #W\u00fcste in #Brandenburg? Ja, aber schuld ist nicht Klimawandel, nur der Mensch!"},"content":{"rendered":"<div class=\"twitter-tweet\">\n<blockquote class=\"twitter-tweet\" data-lang=\"de\">\n<p lang=\"de\" dir=\"ltr\">Eine <a href=\"https:\/\/twitter.com\/hashtag\/W%C3%BCste?src=hash&amp;ref_src=twsrc%5Etfw\">#W\u00fcste<\/a> in <a href=\"https:\/\/twitter.com\/hashtag\/Brandenburg?src=hash&amp;ref_src=twsrc%5Etfw\">#Brandenburg<\/a>?<br \/>Ja, aber schuld ist nicht Klimawandel, nur der Mensch!<br \/>Geschichte der Lieberoser W\u00fcste war Teil einer Serie \u00fcber die Naturwunder im Land Brandenburg<br \/>Entstand nach einem BRAND 1942 &amp; wird so erhalten<br \/>Bis 1993 Truppen\u00fcbungsplatz <a href=\"https:\/\/t.co\/79qzcvP4d9\">https:\/\/t.co\/79qzcvP4d9<\/a><\/p>\n<p>&mdash; Menippeischer Satiriker, Blogger, Schriftsteller (@Scheinheilig16) <a href=\"https:\/\/twitter.com\/Scheinheilig16\/status\/1669588865441492992?ref_src=twsrc%5Etfw\">16. Juni 2023<\/a><\/p><\/blockquote>\n<\/div>\n\n<div class=\"twitter-share\"><a href=\"https:\/\/twitter.com\/intent\/tweet?via=haraldpaulick\" class=\"twitter-share-button\" data-size=\"large\">Twittern<\/a><\/div>\n","protected":false},"excerpt":{"rendered":"<p>Eine #W\u00fcste in #Brandenburg?Ja, aber schuld ist nicht Klimawandel, nur der Mensch!Geschichte der Lieberoser W\u00fcste war Teil einer Serie \u00fcber die Naturwunder im Land BrandenburgEntstand nach einem BRAND 1942 &amp; wird so erhaltenBis 1993 Truppen\u00fcbungsplatz https:\/\/t.co\/79qzcvP4d9 &mdash; Menippeischer Satiriker, Blogger, Schriftsteller (@Scheinheilig16) 16. Juni 2023<\/p>\n","protected":false},"author":1,"featured_media":0,"comment_status":"closed","ping_status":"open","sticky":false,"template":"","format":"standard","meta":{"footnotes":""},"categories":[{"term_id":61,"name":"Klimawandel","slug":"klimawandel","term_group":0,"term_taxonomy_id":61,"taxonomy":"category","description":"","parent":0,"count":66,"filter":"raw","cat_ID":61,"category_count":66,"category_description":"","cat_name":"Klimawandel","category_nicename":"klimawandel","category_parent":0}],"tags":[],"class_list":["post-849","post","type-post","status-publish","format-standard","hentry","category-klimawandel"],"images":{"thumbnail":false,"medium":false,"medium_large":false,"large":false,"full":false},"_links":{"self":[{"href":"https:\/\/hpaulick.de\/index.php?rest_route=\/wp\/v2\/posts\/849","targetHints":{"allow":["GET"]}}],"collection":[{"href":"https:\/\/hpaulick.de\/index.php?rest_route=\/wp\/v2\/posts"}],"about":[{"href":"https:\/\/hpaulick.de\/index.php?rest_route=\/wp\/v2\/types\/post"}],"author":[{"embeddable":true,"href":"https:\/\/hpaulick.de\/index.php?rest_route=\/wp\/v2\/users\/1"}],"replies":[{"embeddable":true,"href":"https:\/\/hpaulick.de\/index.php?rest_route=%2Fwp%2Fv2%2Fcomments&post=849"}],"version-history":[{"count":1,"href":"https:\/\/hpaulick.de\/index.php?rest_route=\/wp\/v2\/posts\/849\/revisions"}],"predecessor-version":[{"id":850,"href":"https:\/\/hpaulick.de\/index.php?rest_route=\/wp\/v2\/posts\/849\/revisions\/850"}],"wp:attachment":[{"href":"https:\/\/hpaulick.de\/index.php?rest_route=%2Fwp%2Fv2%2Fmedia&parent=849"}],"wp:term":[{"taxonomy":"category","embeddable":true,"href":"https:\/\/hpaulick.de\/index.php?rest_route=%2Fwp%2Fv2%2Fcategories&post=849"},{"taxonomy":"post_tag","embeddable":true,"href":"https:\/\/hpaulick.de\/index.php?rest_route=%2Fwp%2Fv2%2Ftags&post=849"}],"curies":[{"name":"wp","href":"https:\/\/api.w.org\/{rel}","templated":true}]}}