{"id":851,"date":"2023-06-16T06:30:41","date_gmt":"2023-06-16T06:30:41","guid":{"rendered":"http:\/\/hpaulick.de\/?p=851"},"modified":"2023-06-16T06:30:41","modified_gmt":"2023-06-16T06:30:41","slug":"waermepumpen-weltmeister-schweden-hat-es-richtig-gemacht","status":"publish","type":"post","link":"https:\/\/hpaulick.de\/?p=851","title":{"rendered":"\u201eW\u00e4rmepumpen-Weltmeister-Schweden\u201c hat es richtig gemacht"},"content":{"rendered":"<div class=\"twitter-tweet\">\n<blockquote class=\"twitter-tweet\" data-lang=\"de\">\n<p lang=\"de\" dir=\"ltr\">\u201eW\u00e4rmepumpen-Weltmeister-Schweden\u201c hat es richtig gemacht<br \/>Da vor der W\u00e4rmepumpen-Wende viele Haushalte mit Strom heizten, investierten schwedische Kommunen auch schon fr\u00fch in den Ausbau der Elektrizit\u00e4ts-Infrastruktur, DEUTSCHLAND nicht!<br \/>WIRD ZUM PROBLEM! <a href=\"https:\/\/t.co\/oGCJfHuR0Y\">https:\/\/t.co\/oGCJfHuR0Y<\/a><\/p>\n<p>&mdash; Menippeischer Satiriker, Blogger, Schriftsteller (@Scheinheilig16) <a href=\"https:\/\/twitter.com\/Scheinheilig16\/status\/1669592962852962305?ref_src=twsrc%5Etfw\">16. Juni 2023<\/a><\/p><\/blockquote>\n<\/div>\n\n<div class=\"twitter-share\"><a href=\"https:\/\/twitter.com\/intent\/tweet?via=haraldpaulick\" class=\"twitter-share-button\" data-size=\"large\">Twittern<\/a><\/div>\n","protected":false},"excerpt":{"rendered":"<p>\u201eW\u00e4rmepumpen-Weltmeister-Schweden\u201c hat es richtig gemachtDa vor der W\u00e4rmepumpen-Wende viele Haushalte mit Strom heizten, investierten schwedische Kommunen auch schon fr\u00fch in den Ausbau der Elektrizit\u00e4ts-Infrastruktur, DEUTSCHLAND nicht!WIRD ZUM PROBLEM! https:\/\/t.co\/oGCJfHuR0Y &mdash; Menippeischer Satiriker, Blogger, Schriftsteller (@Scheinheilig16) 16. Juni 2023<\/p>\n","protected":false},"author":1,"featured_media":0,"comment_status":"closed","ping_status":"open","sticky":false,"template":"","format":"standard","meta":{"footnotes":""},"categories":[{"term_id":36,"name":"Heizungsgesetz","slug":"heizungsgesetz","term_group":0,"term_taxonomy_id":36,"taxonomy":"category","description":"","parent":0,"count":27,"filter":"raw","cat_ID":36,"category_count":27,"category_description":"","cat_name":"Heizungsgesetz","category_nicename":"heizungsgesetz","category_parent":0},{"term_id":61,"name":"Klimawandel","slug":"klimawandel","term_group":0,"term_taxonomy_id":61,"taxonomy":"category","description":"","parent":0,"count":66,"filter":"raw","cat_ID":61,"category_count":66,"category_description":"","cat_name":"Klimawandel","category_nicename":"klimawandel","category_parent":0},{"term_id":52,"name":"Vermieter","slug":"vermieter","term_group":0,"term_taxonomy_id":52,"taxonomy":"category","description":"","parent":0,"count":5,"filter":"raw","cat_ID":52,"category_count":5,"category_description":"","cat_name":"Vermieter","category_nicename":"vermieter","category_parent":0}],"tags":[],"class_list":["post-851","post","type-post","status-publish","format-standard","hentry","category-heizungsgesetz","category-klimawandel","category-vermieter"],"images":{"thumbnail":false,"medium":false,"medium_large":false,"large":false,"full":false},"_links":{"self":[{"href":"https:\/\/hpaulick.de\/index.php?rest_route=\/wp\/v2\/posts\/851","targetHints":{"allow":["GET"]}}],"collection":[{"href":"https:\/\/hpaulick.de\/index.php?rest_route=\/wp\/v2\/posts"}],"about":[{"href":"https:\/\/hpaulick.de\/index.php?rest_route=\/wp\/v2\/types\/post"}],"author":[{"embeddable":true,"href":"https:\/\/hpaulick.de\/index.php?rest_route=\/wp\/v2\/users\/1"}],"replies":[{"embeddable":true,"href":"https:\/\/hpaulick.de\/index.php?rest_route=%2Fwp%2Fv2%2Fcomments&post=851"}],"version-history":[{"count":1,"href":"https:\/\/hpaulick.de\/index.php?rest_route=\/wp\/v2\/posts\/851\/revisions"}],"predecessor-version":[{"id":852,"href":"https:\/\/hpaulick.de\/index.php?rest_route=\/wp\/v2\/posts\/851\/revisions\/852"}],"wp:attachment":[{"href":"https:\/\/hpaulick.de\/index.php?rest_route=%2Fwp%2Fv2%2Fmedia&parent=851"}],"wp:term":[{"taxonomy":"category","embeddable":true,"href":"https:\/\/hpaulick.de\/index.php?rest_route=%2Fwp%2Fv2%2Fcategories&post=851"},{"taxonomy":"post_tag","embeddable":true,"href":"https:\/\/hpaulick.de\/index.php?rest_route=%2Fwp%2Fv2%2Ftags&post=851"}],"curies":[{"name":"wp","href":"https:\/\/api.w.org\/{rel}","templated":true}]}}