{"id":866,"date":"2023-06-17T09:56:06","date_gmt":"2023-06-17T09:56:06","guid":{"rendered":"http:\/\/hpaulick.de\/?p=866"},"modified":"2023-06-17T09:56:06","modified_gmt":"2023-06-17T09:56:06","slug":"zahl-der-migranten-auf-zentraler-mittelmeerroute-hat-sich-verdoppelt","status":"publish","type":"post","link":"https:\/\/hpaulick.de\/?p=866","title":{"rendered":"Zahl der Migranten auf zentraler Mittelmeerroute hat sich verdoppelt"},"content":{"rendered":"<div class=\"twitter-tweet\">\n<blockquote class=\"twitter-tweet\" data-lang=\"de\">\n<p lang=\"de\" dir=\"ltr\"><a href=\"https:\/\/twitter.com\/hashtag\/Zahl?src=hash&amp;ref_src=twsrc%5Etfw\">#Zahl<\/a> der <a href=\"https:\/\/twitter.com\/hashtag\/Migranten?src=hash&amp;ref_src=twsrc%5Etfw\">#Migranten<\/a> auf zentraler Mittelmeerroute hat sich verdoppelt<br \/>2% werden als Fl\u00fcchtling anerkannt<br \/>98% m\u00fcssten zur\u00fcck<br \/>Wollen Gr\u00fcne nicht<br \/>Kosten nur in Deutschland 120 Milliarden \u20ac PRO JAHR<br \/>k\u00f6nnte man jedes Jahr einen Wums f\u00fcr die Bundeswehr machen <a href=\"https:\/\/t.co\/gItdvJo3Xk\">https:\/\/t.co\/gItdvJo3Xk<\/a><\/p>\n<p>&mdash; Menippeischer Satiriker, Blogger, Schriftsteller (@Scheinheilig16) <a href=\"https:\/\/twitter.com\/Scheinheilig16\/status\/1670007082467172352?ref_src=twsrc%5Etfw\">17. Juni 2023<\/a><\/p><\/blockquote>\n<\/div>\n\n<div class=\"twitter-share\"><a href=\"https:\/\/twitter.com\/intent\/tweet?via=haraldpaulick\" class=\"twitter-share-button\" data-size=\"large\">Twittern<\/a><\/div>\n","protected":false},"excerpt":{"rendered":"<p>#Zahl der #Migranten auf zentraler Mittelmeerroute hat sich verdoppelt2% werden als Fl\u00fcchtling anerkannt98% m\u00fcssten zur\u00fcckWollen Gr\u00fcne nichtKosten nur in Deutschland 120 Milliarden \u20ac PRO JAHRk\u00f6nnte man jedes Jahr einen Wums f\u00fcr die Bundeswehr machen https:\/\/t.co\/gItdvJo3Xk &mdash; Menippeischer Satiriker, Blogger, Schriftsteller (@Scheinheilig16) 17. Juni 2023<\/p>\n","protected":false},"author":1,"featured_media":0,"comment_status":"closed","ping_status":"open","sticky":false,"template":"","format":"standard","meta":{"footnotes":""},"categories":[{"term_id":65,"name":"Fl\u00fcchtlinge","slug":"fluechtlinge","term_group":0,"term_taxonomy_id":65,"taxonomy":"category","description":"","parent":0,"count":187,"filter":"raw","cat_ID":65,"category_count":187,"category_description":"","cat_name":"Fl\u00fcchtlinge","category_nicename":"fluechtlinge","category_parent":0},{"term_id":30,"name":"GR\u00dcNE Murks Politik","slug":"gruene-murks-politik","term_group":0,"term_taxonomy_id":30,"taxonomy":"category","description":"","parent":0,"count":805,"filter":"raw","cat_ID":30,"category_count":805,"category_description":"","cat_name":"GR\u00dcNE Murks Politik","category_nicename":"gruene-murks-politik","category_parent":0},{"term_id":64,"name":"Migrationspolitik","slug":"migrationspolitik","term_group":0,"term_taxonomy_id":64,"taxonomy":"category","description":"","parent":0,"count":398,"filter":"raw","cat_ID":64,"category_count":398,"category_description":"","cat_name":"Migrationspolitik","category_nicename":"migrationspolitik","category_parent":0}],"tags":[],"class_list":["post-866","post","type-post","status-publish","format-standard","hentry","category-fluechtlinge","category-gruene-murks-politik","category-migrationspolitik"],"images":{"thumbnail":false,"medium":false,"medium_large":false,"large":false,"full":false},"_links":{"self":[{"href":"https:\/\/hpaulick.de\/index.php?rest_route=\/wp\/v2\/posts\/866","targetHints":{"allow":["GET"]}}],"collection":[{"href":"https:\/\/hpaulick.de\/index.php?rest_route=\/wp\/v2\/posts"}],"about":[{"href":"https:\/\/hpaulick.de\/index.php?rest_route=\/wp\/v2\/types\/post"}],"author":[{"embeddable":true,"href":"https:\/\/hpaulick.de\/index.php?rest_route=\/wp\/v2\/users\/1"}],"replies":[{"embeddable":true,"href":"https:\/\/hpaulick.de\/index.php?rest_route=%2Fwp%2Fv2%2Fcomments&post=866"}],"version-history":[{"count":1,"href":"https:\/\/hpaulick.de\/index.php?rest_route=\/wp\/v2\/posts\/866\/revisions"}],"predecessor-version":[{"id":867,"href":"https:\/\/hpaulick.de\/index.php?rest_route=\/wp\/v2\/posts\/866\/revisions\/867"}],"wp:attachment":[{"href":"https:\/\/hpaulick.de\/index.php?rest_route=%2Fwp%2Fv2%2Fmedia&parent=866"}],"wp:term":[{"taxonomy":"category","embeddable":true,"href":"https:\/\/hpaulick.de\/index.php?rest_route=%2Fwp%2Fv2%2Fcategories&post=866"},{"taxonomy":"post_tag","embeddable":true,"href":"https:\/\/hpaulick.de\/index.php?rest_route=%2Fwp%2Fv2%2Ftags&post=866"}],"curies":[{"name":"wp","href":"https:\/\/api.w.org\/{rel}","templated":true}]}}