{"id":868,"date":"2023-06-17T10:12:18","date_gmt":"2023-06-17T10:12:18","guid":{"rendered":"http:\/\/hpaulick.de\/?p=868"},"modified":"2023-06-17T10:12:18","modified_gmt":"2023-06-17T10:12:18","slug":"gruene-sind-dick-im-schleuser-geschaeft","status":"publish","type":"post","link":"https:\/\/hpaulick.de\/?p=868","title":{"rendered":"Gr\u00fcne sind dick im Schleuser-Gesch\u00e4ft"},"content":{"rendered":"<div class=\"twitter-tweet\">\n<blockquote class=\"twitter-tweet\" data-lang=\"de\">\n<p lang=\"de\" dir=\"ltr\"><a href=\"https:\/\/twitter.com\/hashtag\/Gr%C3%BCne?src=hash&amp;ref_src=twsrc%5Etfw\">#Gr\u00fcne<\/a> sind dick im <a href=\"https:\/\/twitter.com\/hashtag\/Schleuser?src=hash&amp;ref_src=twsrc%5Etfw\">#Schleuser<\/a>&#8211;<a href=\"https:\/\/twitter.com\/hashtag\/Gesch%C3%A4ft?src=hash&amp;ref_src=twsrc%5Etfw\">#Gesch\u00e4ft<\/a><br \/>Frau <a href=\"https:\/\/twitter.com\/hashtag\/G%C3%B6ring?src=hash&amp;ref_src=twsrc%5Etfw\">#G\u00f6ring<\/a>&#8211;<a href=\"https:\/\/twitter.com\/hashtag\/Eckart?src=hash&amp;ref_src=twsrc%5Etfw\">#Eckart<\/a> betreibt im Namen der <a href=\"https:\/\/twitter.com\/hashtag\/Evangelischen?src=hash&amp;ref_src=twsrc%5Etfw\">#Evangelischen<\/a> <a href=\"https:\/\/twitter.com\/hashtag\/Kirche?src=hash&amp;ref_src=twsrc%5Etfw\">#Kirche<\/a> mit ihrem <a href=\"https:\/\/twitter.com\/hashtag\/Lebensgef%C3%A4hrten?src=hash&amp;ref_src=twsrc%5Etfw\">#Lebensgef\u00e4hrten<\/a> ein solches <a href=\"https:\/\/twitter.com\/hashtag\/SCHLEUSERBOOT?src=hash&amp;ref_src=twsrc%5Etfw\">#SCHLEUSERBOOT<\/a> und erh\u00e4lt daf\u00fcr vom <a href=\"https:\/\/twitter.com\/hashtag\/deutschen?src=hash&amp;ref_src=twsrc%5Etfw\">#deutschen<\/a> <a href=\"https:\/\/twitter.com\/hashtag\/Staat?src=hash&amp;ref_src=twsrc%5Etfw\">#Staat<\/a> j\u00e4hrlich 2 MILL. \u20ac.<br \/>Was f\u00fcr ein <a href=\"https:\/\/twitter.com\/hashtag\/SELBSTBEDIENUNGSLADEN?src=hash&amp;ref_src=twsrc%5Etfw\">#SELBSTBEDIENUNGSLADEN<\/a>!<a href=\"https:\/\/t.co\/ujEDONGN6s\">https:\/\/t.co\/ujEDONGN6s<\/a> <a href=\"https:\/\/t.co\/1jg2cQqfQu\">https:\/\/t.co\/1jg2cQqfQu<\/a><\/p>\n<p>&mdash; Friedliche Politische Mitte: zwischen AfD &amp; CDU (@Freund_WUPartei) <a href=\"https:\/\/twitter.com\/Freund_WUPartei\/status\/1670011084227375108?ref_src=twsrc%5Etfw\">17. Juni 2023<\/a><\/p><\/blockquote>\n<\/div>\n\n<div class=\"twitter-share\"><a href=\"https:\/\/twitter.com\/intent\/tweet?via=haraldpaulick\" class=\"twitter-share-button\" data-size=\"large\">Twittern<\/a><\/div>\n","protected":false},"excerpt":{"rendered":"<p>#Gr\u00fcne sind dick im #Schleuser&#8211;#Gesch\u00e4ftFrau #G\u00f6ring&#8211;#Eckart betreibt im Namen der #Evangelischen #Kirche mit ihrem #Lebensgef\u00e4hrten ein solches #SCHLEUSERBOOT und erh\u00e4lt daf\u00fcr vom #deutschen #Staat j\u00e4hrlich 2 MILL. \u20ac.Was f\u00fcr ein #SELBSTBEDIENUNGSLADEN!https:\/\/t.co\/ujEDONGN6s https:\/\/t.co\/1jg2cQqfQu &mdash; Friedliche Politische Mitte: zwischen AfD &amp; CDU (@Freund_WUPartei) 17. Juni 2023<\/p>\n","protected":false},"author":1,"featured_media":0,"comment_status":"closed","ping_status":"open","sticky":false,"template":"","format":"standard","meta":{"footnotes":""},"categories":[{"term_id":49,"name":"Deutschland schafft sich ab","slug":"deutschland-schafft-sich-ab","term_group":0,"term_taxonomy_id":49,"taxonomy":"category","description":"","parent":0,"count":663,"filter":"raw","cat_ID":49,"category_count":663,"category_description":"","cat_name":"Deutschland schafft sich ab","category_nicename":"deutschland-schafft-sich-ab","category_parent":0},{"term_id":65,"name":"Fl\u00fcchtlinge","slug":"fluechtlinge","term_group":0,"term_taxonomy_id":65,"taxonomy":"category","description":"","parent":0,"count":187,"filter":"raw","cat_ID":65,"category_count":187,"category_description":"","cat_name":"Fl\u00fcchtlinge","category_nicename":"fluechtlinge","category_parent":0},{"term_id":30,"name":"GR\u00dcNE Murks Politik","slug":"gruene-murks-politik","term_group":0,"term_taxonomy_id":30,"taxonomy":"category","description":"","parent":0,"count":805,"filter":"raw","cat_ID":30,"category_count":805,"category_description":"","cat_name":"GR\u00dcNE Murks Politik","category_nicename":"gruene-murks-politik","category_parent":0},{"term_id":64,"name":"Migrationspolitik","slug":"migrationspolitik","term_group":0,"term_taxonomy_id":64,"taxonomy":"category","description":"","parent":0,"count":398,"filter":"raw","cat_ID":64,"category_count":398,"category_description":"","cat_name":"Migrationspolitik","category_nicename":"migrationspolitik","category_parent":0}],"tags":[],"class_list":["post-868","post","type-post","status-publish","format-standard","hentry","category-deutschland-schafft-sich-ab","category-fluechtlinge","category-gruene-murks-politik","category-migrationspolitik"],"images":{"thumbnail":false,"medium":false,"medium_large":false,"large":false,"full":false},"_links":{"self":[{"href":"https:\/\/hpaulick.de\/index.php?rest_route=\/wp\/v2\/posts\/868","targetHints":{"allow":["GET"]}}],"collection":[{"href":"https:\/\/hpaulick.de\/index.php?rest_route=\/wp\/v2\/posts"}],"about":[{"href":"https:\/\/hpaulick.de\/index.php?rest_route=\/wp\/v2\/types\/post"}],"author":[{"embeddable":true,"href":"https:\/\/hpaulick.de\/index.php?rest_route=\/wp\/v2\/users\/1"}],"replies":[{"embeddable":true,"href":"https:\/\/hpaulick.de\/index.php?rest_route=%2Fwp%2Fv2%2Fcomments&post=868"}],"version-history":[{"count":1,"href":"https:\/\/hpaulick.de\/index.php?rest_route=\/wp\/v2\/posts\/868\/revisions"}],"predecessor-version":[{"id":869,"href":"https:\/\/hpaulick.de\/index.php?rest_route=\/wp\/v2\/posts\/868\/revisions\/869"}],"wp:attachment":[{"href":"https:\/\/hpaulick.de\/index.php?rest_route=%2Fwp%2Fv2%2Fmedia&parent=868"}],"wp:term":[{"taxonomy":"category","embeddable":true,"href":"https:\/\/hpaulick.de\/index.php?rest_route=%2Fwp%2Fv2%2Fcategories&post=868"},{"taxonomy":"post_tag","embeddable":true,"href":"https:\/\/hpaulick.de\/index.php?rest_route=%2Fwp%2Fv2%2Ftags&post=868"}],"curies":[{"name":"wp","href":"https:\/\/api.w.org\/{rel}","templated":true}]}}