{"id":874,"date":"2023-06-20T09:05:28","date_gmt":"2023-06-20T09:05:28","guid":{"rendered":"http:\/\/hpaulick.de\/?p=874"},"modified":"2023-06-20T09:05:28","modified_gmt":"2023-06-20T09:05:28","slug":"kohleausstieg-hat-nebenwirkungen-berlin-geht-trocken","status":"publish","type":"post","link":"https:\/\/hpaulick.de\/?p=874","title":{"rendered":"Kohleausstieg hat Nebenwirkungen: Berlin geht trocken"},"content":{"rendered":"<div class=\"twitter-tweet\">\n<blockquote class=\"twitter-tweet\" data-lang=\"de\">\n<p lang=\"de\" dir=\"ltr\">Kohleausstieg hat Nebenwirkungen: Berlin geht trocken<br \/>Mit BILDUNG h\u00e4tten GR\u00dcNE wissen k\u00f6nnen, da\u00df wenn man Kohlegrubenentw\u00e4sserung (seit 100 Jahren) abstellt &amp; Gruben mit Wasser f\u00fcllt, Spreewald &amp; Berlin trocken gelegt wird<br \/>Ohne BILDUNG f\u00e4llt das nicht auf<a href=\"https:\/\/t.co\/sJWYRDQVr2\">https:\/\/t.co\/sJWYRDQVr2<\/a><\/p>\n<p>&mdash; Friedliche Politische Mitte: zwischen AfD &amp; CDU (@Freund_WUPartei) <a href=\"https:\/\/twitter.com\/Freund_WUPartei\/status\/1671081444620267526?ref_src=twsrc%5Etfw\">20. Juni 2023<\/a><\/p><\/blockquote>\n<\/div>\n\n<div class=\"twitter-share\"><a href=\"https:\/\/twitter.com\/intent\/tweet?via=haraldpaulick\" class=\"twitter-share-button\" data-size=\"large\">Twittern<\/a><\/div>\n","protected":false},"excerpt":{"rendered":"<p>Kohleausstieg hat Nebenwirkungen: Berlin geht trockenMit BILDUNG h\u00e4tten GR\u00dcNE wissen k\u00f6nnen, da\u00df wenn man Kohlegrubenentw\u00e4sserung (seit 100 Jahren) abstellt &amp; Gruben mit Wasser f\u00fcllt, Spreewald &amp; Berlin trocken gelegt wirdOhne BILDUNG f\u00e4llt das nicht aufhttps:\/\/t.co\/sJWYRDQVr2 &mdash; Friedliche Politische Mitte: zwischen AfD &amp; CDU (@Freund_WUPartei) 20. Juni 2023<\/p>\n","protected":false},"author":1,"featured_media":0,"comment_status":"closed","ping_status":"open","sticky":false,"template":"","format":"standard","meta":{"footnotes":""},"categories":[{"term_id":54,"name":"Bildungslose Politiker","slug":"bildungslose-politiker","term_group":0,"term_taxonomy_id":54,"taxonomy":"category","description":"","parent":0,"count":676,"filter":"raw","cat_ID":54,"category_count":676,"category_description":"","cat_name":"Bildungslose Politiker","category_nicename":"bildungslose-politiker","category_parent":0},{"term_id":30,"name":"GR\u00dcNE Murks Politik","slug":"gruene-murks-politik","term_group":0,"term_taxonomy_id":30,"taxonomy":"category","description":"","parent":0,"count":805,"filter":"raw","cat_ID":30,"category_count":805,"category_description":"","cat_name":"GR\u00dcNE Murks Politik","category_nicename":"gruene-murks-politik","category_parent":0},{"term_id":61,"name":"Klimawandel","slug":"klimawandel","term_group":0,"term_taxonomy_id":61,"taxonomy":"category","description":"","parent":0,"count":66,"filter":"raw","cat_ID":61,"category_count":66,"category_description":"","cat_name":"Klimawandel","category_nicename":"klimawandel","category_parent":0}],"tags":[],"class_list":["post-874","post","type-post","status-publish","format-standard","hentry","category-bildungslose-politiker","category-gruene-murks-politik","category-klimawandel"],"images":{"thumbnail":false,"medium":false,"medium_large":false,"large":false,"full":false},"_links":{"self":[{"href":"https:\/\/hpaulick.de\/index.php?rest_route=\/wp\/v2\/posts\/874","targetHints":{"allow":["GET"]}}],"collection":[{"href":"https:\/\/hpaulick.de\/index.php?rest_route=\/wp\/v2\/posts"}],"about":[{"href":"https:\/\/hpaulick.de\/index.php?rest_route=\/wp\/v2\/types\/post"}],"author":[{"embeddable":true,"href":"https:\/\/hpaulick.de\/index.php?rest_route=\/wp\/v2\/users\/1"}],"replies":[{"embeddable":true,"href":"https:\/\/hpaulick.de\/index.php?rest_route=%2Fwp%2Fv2%2Fcomments&post=874"}],"version-history":[{"count":1,"href":"https:\/\/hpaulick.de\/index.php?rest_route=\/wp\/v2\/posts\/874\/revisions"}],"predecessor-version":[{"id":875,"href":"https:\/\/hpaulick.de\/index.php?rest_route=\/wp\/v2\/posts\/874\/revisions\/875"}],"wp:attachment":[{"href":"https:\/\/hpaulick.de\/index.php?rest_route=%2Fwp%2Fv2%2Fmedia&parent=874"}],"wp:term":[{"taxonomy":"category","embeddable":true,"href":"https:\/\/hpaulick.de\/index.php?rest_route=%2Fwp%2Fv2%2Fcategories&post=874"},{"taxonomy":"post_tag","embeddable":true,"href":"https:\/\/hpaulick.de\/index.php?rest_route=%2Fwp%2Fv2%2Ftags&post=874"}],"curies":[{"name":"wp","href":"https:\/\/api.w.org\/{rel}","templated":true}]}}