{"id":880,"date":"2023-06-23T05:05:36","date_gmt":"2023-06-23T05:05:36","guid":{"rendered":"http:\/\/hpaulick.de\/?p=880"},"modified":"2023-06-23T05:05:36","modified_gmt":"2023-06-23T05:05:36","slug":"ich-plaediere-dafuer-das-bundesaufnahmeprogramm-fuer-afghanistan-zu-beenden","status":"publish","type":"post","link":"https:\/\/hpaulick.de\/?p=880","title":{"rendered":"\u201eIch pl\u00e4diere daf\u00fcr, das Bundesaufnahmeprogramm f\u00fcr Afghanistan zu beenden\u201c"},"content":{"rendered":"<div class=\"twitter-tweet\">\n<blockquote class=\"twitter-tweet\" data-lang=\"de\">\n<p lang=\"de\" dir=\"ltr\">\u201eIch pl\u00e4diere daf\u00fcr, das <a href=\"https:\/\/twitter.com\/hashtag\/Bundesaufnahmeprogramm?src=hash&amp;ref_src=twsrc%5Etfw\">#Bundesaufnahmeprogramm<\/a> f\u00fcr <a href=\"https:\/\/twitter.com\/hashtag\/Afghanistan?src=hash&amp;ref_src=twsrc%5Etfw\">#Afghanistan<\/a> zu <a href=\"https:\/\/twitter.com\/hashtag\/beenden?src=hash&amp;ref_src=twsrc%5Etfw\">#beenden<\/a>\u201c<br \/>Bisher sind schon 54.000 Afghanen in Deutschland. 14.000 sollen noch folgen<br \/>Dann kommt der <a href=\"https:\/\/twitter.com\/hashtag\/Familiennachzug?src=hash&amp;ref_src=twsrc%5Etfw\">#Familiennachzug<\/a><br \/>Alle brauchen nicht zu arbeiten, denn sie haben uns geholfen<br \/>Reicht? <a href=\"https:\/\/t.co\/uXomjfdZrG\">https:\/\/t.co\/uXomjfdZrG<\/a><\/p>\n<p>&mdash; Wir brauchen durchgreifende ehrliche Politiker! (@DeutscheWaehler) <a href=\"https:\/\/twitter.com\/DeutscheWaehler\/status\/1672108339944144899?ref_src=twsrc%5Etfw\">23. Juni 2023<\/a><\/p><\/blockquote>\n<\/div>\n\n<div class=\"twitter-share\"><a href=\"https:\/\/twitter.com\/intent\/tweet?via=haraldpaulick\" class=\"twitter-share-button\" data-size=\"large\">Twittern<\/a><\/div>\n","protected":false},"excerpt":{"rendered":"<p>\u201eIch pl\u00e4diere daf\u00fcr, das #Bundesaufnahmeprogramm f\u00fcr #Afghanistan zu #beenden\u201cBisher sind schon 54.000 Afghanen in Deutschland. 14.000 sollen noch folgenDann kommt der #FamiliennachzugAlle brauchen nicht zu arbeiten, denn sie haben uns geholfenReicht? https:\/\/t.co\/uXomjfdZrG &mdash; Wir brauchen durchgreifende ehrliche Politiker! (@DeutscheWaehler) 23. Juni 2023<\/p>\n","protected":false},"author":1,"featured_media":0,"comment_status":"closed","ping_status":"open","sticky":false,"template":"","format":"standard","meta":{"footnotes":""},"categories":[{"term_id":49,"name":"Deutschland schafft sich ab","slug":"deutschland-schafft-sich-ab","term_group":0,"term_taxonomy_id":49,"taxonomy":"category","description":"","parent":0,"count":663,"filter":"raw","cat_ID":49,"category_count":663,"category_description":"","cat_name":"Deutschland schafft sich ab","category_nicename":"deutschland-schafft-sich-ab","category_parent":0},{"term_id":65,"name":"Fl\u00fcchtlinge","slug":"fluechtlinge","term_group":0,"term_taxonomy_id":65,"taxonomy":"category","description":"","parent":0,"count":187,"filter":"raw","cat_ID":65,"category_count":187,"category_description":"","cat_name":"Fl\u00fcchtlinge","category_nicename":"fluechtlinge","category_parent":0},{"term_id":30,"name":"GR\u00dcNE Murks Politik","slug":"gruene-murks-politik","term_group":0,"term_taxonomy_id":30,"taxonomy":"category","description":"","parent":0,"count":805,"filter":"raw","cat_ID":30,"category_count":805,"category_description":"","cat_name":"GR\u00dcNE Murks Politik","category_nicename":"gruene-murks-politik","category_parent":0},{"term_id":64,"name":"Migrationspolitik","slug":"migrationspolitik","term_group":0,"term_taxonomy_id":64,"taxonomy":"category","description":"","parent":0,"count":398,"filter":"raw","cat_ID":64,"category_count":398,"category_description":"","cat_name":"Migrationspolitik","category_nicename":"migrationspolitik","category_parent":0}],"tags":[],"class_list":["post-880","post","type-post","status-publish","format-standard","hentry","category-deutschland-schafft-sich-ab","category-fluechtlinge","category-gruene-murks-politik","category-migrationspolitik"],"images":{"thumbnail":false,"medium":false,"medium_large":false,"large":false,"full":false},"_links":{"self":[{"href":"https:\/\/hpaulick.de\/index.php?rest_route=\/wp\/v2\/posts\/880","targetHints":{"allow":["GET"]}}],"collection":[{"href":"https:\/\/hpaulick.de\/index.php?rest_route=\/wp\/v2\/posts"}],"about":[{"href":"https:\/\/hpaulick.de\/index.php?rest_route=\/wp\/v2\/types\/post"}],"author":[{"embeddable":true,"href":"https:\/\/hpaulick.de\/index.php?rest_route=\/wp\/v2\/users\/1"}],"replies":[{"embeddable":true,"href":"https:\/\/hpaulick.de\/index.php?rest_route=%2Fwp%2Fv2%2Fcomments&post=880"}],"version-history":[{"count":1,"href":"https:\/\/hpaulick.de\/index.php?rest_route=\/wp\/v2\/posts\/880\/revisions"}],"predecessor-version":[{"id":881,"href":"https:\/\/hpaulick.de\/index.php?rest_route=\/wp\/v2\/posts\/880\/revisions\/881"}],"wp:attachment":[{"href":"https:\/\/hpaulick.de\/index.php?rest_route=%2Fwp%2Fv2%2Fmedia&parent=880"}],"wp:term":[{"taxonomy":"category","embeddable":true,"href":"https:\/\/hpaulick.de\/index.php?rest_route=%2Fwp%2Fv2%2Fcategories&post=880"},{"taxonomy":"post_tag","embeddable":true,"href":"https:\/\/hpaulick.de\/index.php?rest_route=%2Fwp%2Fv2%2Ftags&post=880"}],"curies":[{"name":"wp","href":"https:\/\/api.w.org\/{rel}","templated":true}]}}