{"id":897,"date":"2023-06-24T07:35:31","date_gmt":"2023-06-24T07:35:31","guid":{"rendered":"http:\/\/hpaulick.de\/?p=897"},"modified":"2023-06-24T07:35:31","modified_gmt":"2023-06-24T07:35:31","slug":"deutschland-trend-24-06-2023","status":"publish","type":"post","link":"https:\/\/hpaulick.de\/?p=897","title":{"rendered":"Deutschland-Trend 24.06.2023"},"content":{"rendered":"<div class=\"twitter-tweet\">\n<blockquote class=\"twitter-tweet\" data-lang=\"de\">\n<p lang=\"de\" dir=\"ltr\">Deutschland-Trend<br \/>AfD auf Allzeithoch 19%, Union bleibt st\u00e4rkste Partei<br \/>AfD aktuell auf ihrem bisher st\u00e4rkstes Umfrageergebnis &amp; ist die zweitst\u00e4rkste Kraft hinter der Union, darauf folgt SPD mit 17%<br \/>UND DIE AMPEL HAT DEN WARNSCHUSS IMMER NOCH NICHT GEH\u00d6RT<a href=\"https:\/\/t.co\/FnzdOnRj95\">https:\/\/t.co\/FnzdOnRj95<\/a><\/p>\n<p>&mdash; Menippeischer Satiriker, Blogger, Schriftsteller (@Scheinheilig16) <a href=\"https:\/\/twitter.com\/Scheinheilig16\/status\/1672508503171248128?ref_src=twsrc%5Etfw\">24. Juni 2023<\/a><\/p><\/blockquote>\n<\/div>\n\n<div class=\"twitter-share\"><a href=\"https:\/\/twitter.com\/intent\/tweet?via=haraldpaulick\" class=\"twitter-share-button\" data-size=\"large\">Twittern<\/a><\/div>\n","protected":false},"excerpt":{"rendered":"<p>Deutschland-TrendAfD auf Allzeithoch 19%, Union bleibt st\u00e4rkste ParteiAfD aktuell auf ihrem bisher st\u00e4rkstes Umfrageergebnis &amp; ist die zweitst\u00e4rkste Kraft hinter der Union, darauf folgt SPD mit 17%UND DIE AMPEL HAT DEN WARNSCHUSS IMMER NOCH NICHT GEH\u00d6RThttps:\/\/t.co\/FnzdOnRj95 &mdash; Menippeischer Satiriker, Blogger, Schriftsteller (@Scheinheilig16) 24. Juni 2023<\/p>\n","protected":false},"author":1,"featured_media":0,"comment_status":"closed","ping_status":"open","sticky":false,"template":"","format":"standard","meta":{"footnotes":""},"categories":[{"term_id":42,"name":"AfD","slug":"afd","term_group":0,"term_taxonomy_id":42,"taxonomy":"category","description":"","parent":0,"count":121,"filter":"raw","cat_ID":42,"category_count":121,"category_description":"","cat_name":"AfD","category_nicename":"afd","category_parent":0},{"term_id":30,"name":"GR\u00dcNE Murks Politik","slug":"gruene-murks-politik","term_group":0,"term_taxonomy_id":30,"taxonomy":"category","description":"","parent":0,"count":805,"filter":"raw","cat_ID":30,"category_count":805,"category_description":"","cat_name":"GR\u00dcNE Murks Politik","category_nicename":"gruene-murks-politik","category_parent":0},{"term_id":39,"name":"Verbotskoalition","slug":"verbotskoalition","term_group":0,"term_taxonomy_id":39,"taxonomy":"category","description":"","parent":0,"count":248,"filter":"raw","cat_ID":39,"category_count":248,"category_description":"","cat_name":"Verbotskoalition","category_nicename":"verbotskoalition","category_parent":0}],"tags":[],"class_list":["post-897","post","type-post","status-publish","format-standard","hentry","category-afd","category-gruene-murks-politik","category-verbotskoalition"],"images":{"thumbnail":false,"medium":false,"medium_large":false,"large":false,"full":false},"_links":{"self":[{"href":"https:\/\/hpaulick.de\/index.php?rest_route=\/wp\/v2\/posts\/897","targetHints":{"allow":["GET"]}}],"collection":[{"href":"https:\/\/hpaulick.de\/index.php?rest_route=\/wp\/v2\/posts"}],"about":[{"href":"https:\/\/hpaulick.de\/index.php?rest_route=\/wp\/v2\/types\/post"}],"author":[{"embeddable":true,"href":"https:\/\/hpaulick.de\/index.php?rest_route=\/wp\/v2\/users\/1"}],"replies":[{"embeddable":true,"href":"https:\/\/hpaulick.de\/index.php?rest_route=%2Fwp%2Fv2%2Fcomments&post=897"}],"version-history":[{"count":1,"href":"https:\/\/hpaulick.de\/index.php?rest_route=\/wp\/v2\/posts\/897\/revisions"}],"predecessor-version":[{"id":898,"href":"https:\/\/hpaulick.de\/index.php?rest_route=\/wp\/v2\/posts\/897\/revisions\/898"}],"wp:attachment":[{"href":"https:\/\/hpaulick.de\/index.php?rest_route=%2Fwp%2Fv2%2Fmedia&parent=897"}],"wp:term":[{"taxonomy":"category","embeddable":true,"href":"https:\/\/hpaulick.de\/index.php?rest_route=%2Fwp%2Fv2%2Fcategories&post=897"},{"taxonomy":"post_tag","embeddable":true,"href":"https:\/\/hpaulick.de\/index.php?rest_route=%2Fwp%2Fv2%2Ftags&post=897"}],"curies":[{"name":"wp","href":"https:\/\/api.w.org\/{rel}","templated":true}]}}