{"id":904,"date":"2023-06-29T05:20:47","date_gmt":"2023-06-29T05:20:47","guid":{"rendered":"http:\/\/hpaulick.de\/?p=904"},"modified":"2023-06-29T05:20:47","modified_gmt":"2023-06-29T05:20:47","slug":"gruene-deutsche-sonderweg-und-die-folgen-teuerungsrate","status":"publish","type":"post","link":"https:\/\/hpaulick.de\/?p=904","title":{"rendered":"GR\u00dcNE DEUTSCHE SONDERWEG und die FOLGEN: Teuerungsrate"},"content":{"rendered":"<div class=\"twitter-tweet\">\n<blockquote class=\"twitter-tweet\" data-lang=\"de\">\n<p lang=\"de\" dir=\"ltr\"><a href=\"https:\/\/twitter.com\/hashtag\/GR%C3%9CNE?src=hash&amp;ref_src=twsrc%5Etfw\">#GR\u00dcNE<\/a> DEUTSCHE <a href=\"https:\/\/twitter.com\/hashtag\/SONDERWEG?src=hash&amp;ref_src=twsrc%5Etfw\">#SONDERWEG<\/a> und die FOLGEN:<br \/>Teuerungsrate<br \/>Volkswirte rechnen mit leichtem Anstieg der Inflation im Juni, gegen\u00fcber allen anderen EU-L\u00e4ndern.<br \/>Statistische Bundesamt gibt Teuerungsrate f\u00fcr Juni bekannt. Experten gehen von leichtem Anstieg aus <a href=\"https:\/\/t.co\/KQUTgyOava\">https:\/\/t.co\/KQUTgyOava<\/a><\/p>\n<p>&mdash; Menippeischer Satiriker, Blogger, Schriftsteller (@Scheinheilig16) <a href=\"https:\/\/twitter.com\/Scheinheilig16\/status\/1674286487741841409?ref_src=twsrc%5Etfw\">29. Juni 2023<\/a><\/p><\/blockquote>\n<\/div>\n\n<div class=\"twitter-share\"><a href=\"https:\/\/twitter.com\/intent\/tweet?via=haraldpaulick\" class=\"twitter-share-button\" data-size=\"large\">Twittern<\/a><\/div>\n","protected":false},"excerpt":{"rendered":"<p>#GR\u00dcNE DEUTSCHE #SONDERWEG und die FOLGEN:TeuerungsrateVolkswirte rechnen mit leichtem Anstieg der Inflation im Juni, gegen\u00fcber allen anderen EU-L\u00e4ndern.Statistische Bundesamt gibt Teuerungsrate f\u00fcr Juni bekannt. Experten gehen von leichtem Anstieg aus https:\/\/t.co\/KQUTgyOava &mdash; Menippeischer Satiriker, Blogger, Schriftsteller (@Scheinheilig16) 29. Juni 2023<\/p>\n","protected":false},"author":1,"featured_media":0,"comment_status":"closed","ping_status":"open","sticky":false,"template":"","format":"standard","meta":{"footnotes":""},"categories":[{"term_id":54,"name":"Bildungslose Politiker","slug":"bildungslose-politiker","term_group":0,"term_taxonomy_id":54,"taxonomy":"category","description":"","parent":0,"count":676,"filter":"raw","cat_ID":54,"category_count":676,"category_description":"","cat_name":"Bildungslose Politiker","category_nicename":"bildungslose-politiker","category_parent":0},{"term_id":49,"name":"Deutschland schafft sich ab","slug":"deutschland-schafft-sich-ab","term_group":0,"term_taxonomy_id":49,"taxonomy":"category","description":"","parent":0,"count":663,"filter":"raw","cat_ID":49,"category_count":663,"category_description":"","cat_name":"Deutschland schafft sich ab","category_nicename":"deutschland-schafft-sich-ab","category_parent":0},{"term_id":30,"name":"GR\u00dcNE Murks Politik","slug":"gruene-murks-politik","term_group":0,"term_taxonomy_id":30,"taxonomy":"category","description":"","parent":0,"count":805,"filter":"raw","cat_ID":30,"category_count":805,"category_description":"","cat_name":"GR\u00dcNE Murks Politik","category_nicename":"gruene-murks-politik","category_parent":0},{"term_id":39,"name":"Verbotskoalition","slug":"verbotskoalition","term_group":0,"term_taxonomy_id":39,"taxonomy":"category","description":"","parent":0,"count":248,"filter":"raw","cat_ID":39,"category_count":248,"category_description":"","cat_name":"Verbotskoalition","category_nicename":"verbotskoalition","category_parent":0}],"tags":[],"class_list":["post-904","post","type-post","status-publish","format-standard","hentry","category-bildungslose-politiker","category-deutschland-schafft-sich-ab","category-gruene-murks-politik","category-verbotskoalition"],"images":{"thumbnail":false,"medium":false,"medium_large":false,"large":false,"full":false},"_links":{"self":[{"href":"https:\/\/hpaulick.de\/index.php?rest_route=\/wp\/v2\/posts\/904","targetHints":{"allow":["GET"]}}],"collection":[{"href":"https:\/\/hpaulick.de\/index.php?rest_route=\/wp\/v2\/posts"}],"about":[{"href":"https:\/\/hpaulick.de\/index.php?rest_route=\/wp\/v2\/types\/post"}],"author":[{"embeddable":true,"href":"https:\/\/hpaulick.de\/index.php?rest_route=\/wp\/v2\/users\/1"}],"replies":[{"embeddable":true,"href":"https:\/\/hpaulick.de\/index.php?rest_route=%2Fwp%2Fv2%2Fcomments&post=904"}],"version-history":[{"count":1,"href":"https:\/\/hpaulick.de\/index.php?rest_route=\/wp\/v2\/posts\/904\/revisions"}],"predecessor-version":[{"id":905,"href":"https:\/\/hpaulick.de\/index.php?rest_route=\/wp\/v2\/posts\/904\/revisions\/905"}],"wp:attachment":[{"href":"https:\/\/hpaulick.de\/index.php?rest_route=%2Fwp%2Fv2%2Fmedia&parent=904"}],"wp:term":[{"taxonomy":"category","embeddable":true,"href":"https:\/\/hpaulick.de\/index.php?rest_route=%2Fwp%2Fv2%2Fcategories&post=904"},{"taxonomy":"post_tag","embeddable":true,"href":"https:\/\/hpaulick.de\/index.php?rest_route=%2Fwp%2Fv2%2Ftags&post=904"}],"curies":[{"name":"wp","href":"https:\/\/api.w.org\/{rel}","templated":true}]}}