{"id":910,"date":"2023-06-29T18:26:18","date_gmt":"2023-06-29T18:26:18","guid":{"rendered":"http:\/\/hpaulick.de\/?p=910"},"modified":"2023-06-29T18:26:18","modified_gmt":"2023-06-29T18:26:18","slug":"verbot-von-pestizid-exporten-mit-luecken","status":"publish","type":"post","link":"https:\/\/hpaulick.de\/?p=910","title":{"rendered":"Verbot von Pestizid-Exporten &#8211; mit L\u00fccken"},"content":{"rendered":"<div class=\"twitter-tweet\">\n<blockquote class=\"twitter-tweet\" data-lang=\"de\">\n<p lang=\"de\" dir=\"ltr\">Was macht hier der GR\u00dcNE Landwirtschaftsminister \u00d6zdemir? DOPPELNICHTS?<br \/>Verbot von Pestizid-Exporten &#8211; mit L\u00fccken<br \/>Exporte von in Europa nicht zugelassenen Pestiziden sollten weitgehend unterbunden werden &#8211; versprochen!<br \/>Doch Gr\u00fcne lassen viele Ausnahmen zu <a href=\"https:\/\/t.co\/yCWW66ulux\">https:\/\/t.co\/yCWW66ulux<\/a><\/p>\n<p>&mdash; Friedliche Politische Mitte: zwischen AfD &amp; CDU (@Freund_WUPartei) <a href=\"https:\/\/twitter.com\/Freund_WUPartei\/status\/1674484180313317404?ref_src=twsrc%5Etfw\">29. Juni 2023<\/a><\/p><\/blockquote>\n<\/div>\n\n<div class=\"twitter-share\"><a href=\"https:\/\/twitter.com\/intent\/tweet?via=haraldpaulick\" class=\"twitter-share-button\" data-size=\"large\">Twittern<\/a><\/div>\n","protected":false},"excerpt":{"rendered":"<p>Was macht hier der GR\u00dcNE Landwirtschaftsminister \u00d6zdemir? DOPPELNICHTS?Verbot von Pestizid-Exporten &#8211; mit L\u00fcckenExporte von in Europa nicht zugelassenen Pestiziden sollten weitgehend unterbunden werden &#8211; versprochen!Doch Gr\u00fcne lassen viele Ausnahmen zu https:\/\/t.co\/yCWW66ulux &mdash; Friedliche Politische Mitte: zwischen AfD &amp; CDU (@Freund_WUPartei) 29. Juni 2023<\/p>\n","protected":false},"author":1,"featured_media":0,"comment_status":"closed","ping_status":"open","sticky":false,"template":"","format":"standard","meta":{"footnotes":""},"categories":[{"term_id":54,"name":"Bildungslose Politiker","slug":"bildungslose-politiker","term_group":0,"term_taxonomy_id":54,"taxonomy":"category","description":"","parent":0,"count":676,"filter":"raw","cat_ID":54,"category_count":676,"category_description":"","cat_name":"Bildungslose Politiker","category_nicename":"bildungslose-politiker","category_parent":0},{"term_id":30,"name":"GR\u00dcNE Murks Politik","slug":"gruene-murks-politik","term_group":0,"term_taxonomy_id":30,"taxonomy":"category","description":"","parent":0,"count":805,"filter":"raw","cat_ID":30,"category_count":805,"category_description":"","cat_name":"GR\u00dcNE Murks Politik","category_nicename":"gruene-murks-politik","category_parent":0},{"term_id":67,"name":"Umweltschutz","slug":"umweltschutz","term_group":0,"term_taxonomy_id":67,"taxonomy":"category","description":"","parent":0,"count":43,"filter":"raw","cat_ID":67,"category_count":43,"category_description":"","cat_name":"Umweltschutz","category_nicename":"umweltschutz","category_parent":0}],"tags":[],"class_list":["post-910","post","type-post","status-publish","format-standard","hentry","category-bildungslose-politiker","category-gruene-murks-politik","category-umweltschutz"],"images":{"thumbnail":false,"medium":false,"medium_large":false,"large":false,"full":false},"_links":{"self":[{"href":"https:\/\/hpaulick.de\/index.php?rest_route=\/wp\/v2\/posts\/910","targetHints":{"allow":["GET"]}}],"collection":[{"href":"https:\/\/hpaulick.de\/index.php?rest_route=\/wp\/v2\/posts"}],"about":[{"href":"https:\/\/hpaulick.de\/index.php?rest_route=\/wp\/v2\/types\/post"}],"author":[{"embeddable":true,"href":"https:\/\/hpaulick.de\/index.php?rest_route=\/wp\/v2\/users\/1"}],"replies":[{"embeddable":true,"href":"https:\/\/hpaulick.de\/index.php?rest_route=%2Fwp%2Fv2%2Fcomments&post=910"}],"version-history":[{"count":1,"href":"https:\/\/hpaulick.de\/index.php?rest_route=\/wp\/v2\/posts\/910\/revisions"}],"predecessor-version":[{"id":911,"href":"https:\/\/hpaulick.de\/index.php?rest_route=\/wp\/v2\/posts\/910\/revisions\/911"}],"wp:attachment":[{"href":"https:\/\/hpaulick.de\/index.php?rest_route=%2Fwp%2Fv2%2Fmedia&parent=910"}],"wp:term":[{"taxonomy":"category","embeddable":true,"href":"https:\/\/hpaulick.de\/index.php?rest_route=%2Fwp%2Fv2%2Fcategories&post=910"},{"taxonomy":"post_tag","embeddable":true,"href":"https:\/\/hpaulick.de\/index.php?rest_route=%2Fwp%2Fv2%2Ftags&post=910"}],"curies":[{"name":"wp","href":"https:\/\/api.w.org\/{rel}","templated":true}]}}