{"id":937,"date":"2023-07-03T05:53:32","date_gmt":"2023-07-03T05:53:32","guid":{"rendered":"http:\/\/hpaulick.de\/?p=937"},"modified":"2023-07-03T05:53:32","modified_gmt":"2023-07-03T05:53:32","slug":"deutschland-ist-bereits-17fach-uebervoelkert-gegenueber-weltdurchschnitt-km%c2%b2","status":"publish","type":"post","link":"https:\/\/hpaulick.de\/?p=937","title":{"rendered":"Deutschland ist bereits 17fach \u00fcberv\u00f6lkert, gegen\u00fcber Weltdurchschnitt \/ km\u00b2"},"content":{"rendered":"<div class=\"twitter-tweet\">\n<blockquote class=\"twitter-tweet\" data-lang=\"de\">\n<p lang=\"de\" dir=\"ltr\">Deutschland ist bereits 17fach \u00fcberv\u00f6lkert, gegen\u00fcber Weltdurchschnitt\/km\u00b2<br \/>Wir haben doppelte Bev\u00f6lkerungsdichte von CHINA<br \/>D\u00fcrften nur 5,4 Millionen haben, bei Durchschnitt der Welt\/km\u00b2<br \/>Dann w\u00fcrden wir 93.57% weniger CO2 produzieren<br \/>Mit <a href=\"https:\/\/twitter.com\/hashtag\/Spinat?src=hash&amp;ref_src=twsrc%5Etfw\">#Spinat<\/a> im Kopf versteht man das aber nicht <a href=\"https:\/\/t.co\/9b3l8CCwtp\">https:\/\/t.co\/9b3l8CCwtp<\/a><\/p>\n<p>&mdash; Friedliche Politische Mitte: zwischen AfD &amp; CDU (@Freund_WUPartei) <a href=\"https:\/\/twitter.com\/Freund_WUPartei\/status\/1675743960948436992?ref_src=twsrc%5Etfw\">3. Juli 2023<\/a><\/p><\/blockquote>\n<\/div>\n\n<div class=\"twitter-share\"><a href=\"https:\/\/twitter.com\/intent\/tweet?via=haraldpaulick\" class=\"twitter-share-button\" data-size=\"large\">Twittern<\/a><\/div>\n","protected":false},"excerpt":{"rendered":"<p>Deutschland ist bereits 17fach \u00fcberv\u00f6lkert, gegen\u00fcber Weltdurchschnitt\/km\u00b2Wir haben doppelte Bev\u00f6lkerungsdichte von CHINAD\u00fcrften nur 5,4 Millionen haben, bei Durchschnitt der Welt\/km\u00b2Dann w\u00fcrden wir 93.57% weniger CO2 produzierenMit #Spinat im Kopf versteht man das aber nicht https:\/\/t.co\/9b3l8CCwtp &mdash; Friedliche Politische Mitte: zwischen AfD &amp; CDU (@Freund_WUPartei) 3. Juli 2023<\/p>\n","protected":false},"author":1,"featured_media":0,"comment_status":"closed","ping_status":"open","sticky":false,"template":"","format":"standard","meta":{"footnotes":""},"categories":[{"term_id":49,"name":"Deutschland schafft sich ab","slug":"deutschland-schafft-sich-ab","term_group":0,"term_taxonomy_id":49,"taxonomy":"category","description":"","parent":0,"count":662,"filter":"raw","cat_ID":49,"category_count":662,"category_description":"","cat_name":"Deutschland schafft sich ab","category_nicename":"deutschland-schafft-sich-ab","category_parent":0},{"term_id":65,"name":"Fl\u00fcchtlinge","slug":"fluechtlinge","term_group":0,"term_taxonomy_id":65,"taxonomy":"category","description":"","parent":0,"count":187,"filter":"raw","cat_ID":65,"category_count":187,"category_description":"","cat_name":"Fl\u00fcchtlinge","category_nicename":"fluechtlinge","category_parent":0},{"term_id":67,"name":"Umweltschutz","slug":"umweltschutz","term_group":0,"term_taxonomy_id":67,"taxonomy":"category","description":"","parent":0,"count":43,"filter":"raw","cat_ID":67,"category_count":43,"category_description":"","cat_name":"Umweltschutz","category_nicename":"umweltschutz","category_parent":0}],"tags":[],"class_list":["post-937","post","type-post","status-publish","format-standard","hentry","category-deutschland-schafft-sich-ab","category-fluechtlinge","category-umweltschutz"],"images":{"thumbnail":false,"medium":false,"medium_large":false,"large":false,"full":false},"_links":{"self":[{"href":"https:\/\/hpaulick.de\/index.php?rest_route=\/wp\/v2\/posts\/937","targetHints":{"allow":["GET"]}}],"collection":[{"href":"https:\/\/hpaulick.de\/index.php?rest_route=\/wp\/v2\/posts"}],"about":[{"href":"https:\/\/hpaulick.de\/index.php?rest_route=\/wp\/v2\/types\/post"}],"author":[{"embeddable":true,"href":"https:\/\/hpaulick.de\/index.php?rest_route=\/wp\/v2\/users\/1"}],"replies":[{"embeddable":true,"href":"https:\/\/hpaulick.de\/index.php?rest_route=%2Fwp%2Fv2%2Fcomments&post=937"}],"version-history":[{"count":1,"href":"https:\/\/hpaulick.de\/index.php?rest_route=\/wp\/v2\/posts\/937\/revisions"}],"predecessor-version":[{"id":938,"href":"https:\/\/hpaulick.de\/index.php?rest_route=\/wp\/v2\/posts\/937\/revisions\/938"}],"wp:attachment":[{"href":"https:\/\/hpaulick.de\/index.php?rest_route=%2Fwp%2Fv2%2Fmedia&parent=937"}],"wp:term":[{"taxonomy":"category","embeddable":true,"href":"https:\/\/hpaulick.de\/index.php?rest_route=%2Fwp%2Fv2%2Fcategories&post=937"},{"taxonomy":"post_tag","embeddable":true,"href":"https:\/\/hpaulick.de\/index.php?rest_route=%2Fwp%2Fv2%2Ftags&post=937"}],"curies":[{"name":"wp","href":"https:\/\/api.w.org\/{rel}","templated":true}]}}