{"id":967,"date":"2023-07-26T06:14:30","date_gmt":"2023-07-26T06:14:30","guid":{"rendered":"http:\/\/hpaulick.de\/?p=967"},"modified":"2023-07-26T06:14:30","modified_gmt":"2023-07-26T06:14:30","slug":"habeck-wer-gegen-die-umwelt-arbeitet-muss-schliessen","status":"publish","type":"post","link":"https:\/\/hpaulick.de\/?p=967","title":{"rendered":"Habeck: &#8222;Wer gegen die Umwelt arbeitet, muss schlie\u00dfen!&#8220;"},"content":{"rendered":"<div class=\"twitter-tweet\">\n<blockquote class=\"twitter-tweet\" data-lang=\"de\">\n<p lang=\"de\" dir=\"ltr\">Wir erinnern uns:<br \/>Habeck: &quot;Wer gegen die Umwelt arbeitet, muss schlie\u00dfen!&quot;<br \/>Papierhersteller schlie\u00dft Werk mit rund 520 Besch\u00e4ftigten<br \/>Die Dominosteine fallen immer schneller.<br \/>Das ist unsere GR\u00dcN \u00d6KOSOZIALE ZUKUNFT!<a href=\"https:\/\/t.co\/oNELTUzOpX\">https:\/\/t.co\/oNELTUzOpX<\/a><\/p>\n<p>&mdash; Friedliche Politische Mitte: zwischen AfD &amp; CDU (@Freund_WUPartei) <a href=\"https:\/\/twitter.com\/Freund_WUPartei\/status\/1684084387376164866?ref_src=twsrc%5Etfw\">26. Juli 2023<\/a><\/p><\/blockquote>\n<\/div>\n\n<div class=\"twitter-share\"><a href=\"https:\/\/twitter.com\/intent\/tweet?via=haraldpaulick\" class=\"twitter-share-button\" data-size=\"large\">Twittern<\/a><\/div>\n","protected":false},"excerpt":{"rendered":"<p>Wir erinnern uns:Habeck: &quot;Wer gegen die Umwelt arbeitet, muss schlie\u00dfen!&quot;Papierhersteller schlie\u00dft Werk mit rund 520 Besch\u00e4ftigtenDie Dominosteine fallen immer schneller.Das ist unsere GR\u00dcN \u00d6KOSOZIALE ZUKUNFT!https:\/\/t.co\/oNELTUzOpX &mdash; Friedliche Politische Mitte: zwischen AfD &amp; CDU (@Freund_WUPartei) 26. Juli 2023<\/p>\n","protected":false},"author":1,"featured_media":0,"comment_status":"closed","ping_status":"open","sticky":false,"template":"","format":"standard","meta":{"footnotes":""},"categories":[{"term_id":49,"name":"Deutschland schafft sich ab","slug":"deutschland-schafft-sich-ab","term_group":0,"term_taxonomy_id":49,"taxonomy":"category","description":"","parent":0,"count":663,"filter":"raw","cat_ID":49,"category_count":663,"category_description":"","cat_name":"Deutschland schafft sich ab","category_nicename":"deutschland-schafft-sich-ab","category_parent":0},{"term_id":30,"name":"GR\u00dcNE Murks Politik","slug":"gruene-murks-politik","term_group":0,"term_taxonomy_id":30,"taxonomy":"category","description":"","parent":0,"count":805,"filter":"raw","cat_ID":30,"category_count":805,"category_description":"","cat_name":"GR\u00dcNE Murks Politik","category_nicename":"gruene-murks-politik","category_parent":0},{"term_id":61,"name":"Klimawandel","slug":"klimawandel","term_group":0,"term_taxonomy_id":61,"taxonomy":"category","description":"","parent":0,"count":66,"filter":"raw","cat_ID":61,"category_count":66,"category_description":"","cat_name":"Klimawandel","category_nicename":"klimawandel","category_parent":0},{"term_id":75,"name":"Wirtschaft","slug":"wirtschaft","term_group":0,"term_taxonomy_id":75,"taxonomy":"category","description":"","parent":0,"count":55,"filter":"raw","cat_ID":75,"category_count":55,"category_description":"","cat_name":"Wirtschaft","category_nicename":"wirtschaft","category_parent":0}],"tags":[],"class_list":["post-967","post","type-post","status-publish","format-standard","hentry","category-deutschland-schafft-sich-ab","category-gruene-murks-politik","category-klimawandel","category-wirtschaft"],"images":{"thumbnail":false,"medium":false,"medium_large":false,"large":false,"full":false},"_links":{"self":[{"href":"https:\/\/hpaulick.de\/index.php?rest_route=\/wp\/v2\/posts\/967","targetHints":{"allow":["GET"]}}],"collection":[{"href":"https:\/\/hpaulick.de\/index.php?rest_route=\/wp\/v2\/posts"}],"about":[{"href":"https:\/\/hpaulick.de\/index.php?rest_route=\/wp\/v2\/types\/post"}],"author":[{"embeddable":true,"href":"https:\/\/hpaulick.de\/index.php?rest_route=\/wp\/v2\/users\/1"}],"replies":[{"embeddable":true,"href":"https:\/\/hpaulick.de\/index.php?rest_route=%2Fwp%2Fv2%2Fcomments&post=967"}],"version-history":[{"count":1,"href":"https:\/\/hpaulick.de\/index.php?rest_route=\/wp\/v2\/posts\/967\/revisions"}],"predecessor-version":[{"id":968,"href":"https:\/\/hpaulick.de\/index.php?rest_route=\/wp\/v2\/posts\/967\/revisions\/968"}],"wp:attachment":[{"href":"https:\/\/hpaulick.de\/index.php?rest_route=%2Fwp%2Fv2%2Fmedia&parent=967"}],"wp:term":[{"taxonomy":"category","embeddable":true,"href":"https:\/\/hpaulick.de\/index.php?rest_route=%2Fwp%2Fv2%2Fcategories&post=967"},{"taxonomy":"post_tag","embeddable":true,"href":"https:\/\/hpaulick.de\/index.php?rest_route=%2Fwp%2Fv2%2Ftags&post=967"}],"curies":[{"name":"wp","href":"https:\/\/api.w.org\/{rel}","templated":true}]}}