{"id":970,"date":"2023-07-27T08:06:20","date_gmt":"2023-07-27T08:06:20","guid":{"rendered":"http:\/\/hpaulick.de\/?p=970"},"modified":"2023-07-27T08:06:20","modified_gmt":"2023-07-27T08:06:20","slug":"wirtschaftsminister-habeck-sieht-keinen-grund-fuer-german-angst","status":"publish","type":"post","link":"https:\/\/hpaulick.de\/?p=970","title":{"rendered":"Wirtschaftsminister Habeck sieht keinen Grund f\u00fcr &#8222;German Angst&#8220;"},"content":{"rendered":"<div class=\"twitter-tweet\">\n<blockquote class=\"twitter-tweet\" data-lang=\"de\">\n<p lang=\"de\" dir=\"ltr\"><a href=\"https:\/\/twitter.com\/hashtag\/Wirtschaftsminister?src=hash&amp;ref_src=twsrc%5Etfw\">#Wirtschaftsminister<\/a> <a href=\"https:\/\/twitter.com\/hashtag\/Habeck?src=hash&amp;ref_src=twsrc%5Etfw\">#Habeck<\/a> sieht keinen Grund f\u00fcr &quot;German Angst&quot;<br \/>Habeck hat f\u00fcr Industriestrompreis geworben, um <a href=\"https:\/\/twitter.com\/hashtag\/Unternehmen?src=hash&amp;ref_src=twsrc%5Etfw\">#Unternehmen<\/a> bei hohen Energiepreisen zu helfen &amp; <a href=\"https:\/\/twitter.com\/hashtag\/B%C3%BCrger?src=hash&amp;ref_src=twsrc%5Etfw\">#B\u00fcrger<\/a> d\u00fcrfen dieses <a href=\"https:\/\/twitter.com\/hashtag\/Subventionen?src=hash&amp;ref_src=twsrc%5Etfw\">#Subventionen<\/a> bezahlen mit <a href=\"https:\/\/twitter.com\/hashtag\/h%C3%B6heren?src=hash&amp;ref_src=twsrc%5Etfw\">#h\u00f6heren<\/a> <a href=\"https:\/\/twitter.com\/hashtag\/Steuern?src=hash&amp;ref_src=twsrc%5Etfw\">#Steuern<\/a>. <a href=\"https:\/\/twitter.com\/hashtag\/GR%C3%9CNE?src=hash&amp;ref_src=twsrc%5Etfw\">#GR\u00dcNE<\/a> <a href=\"https:\/\/twitter.com\/hashtag\/%C3%96KOSOZIALISTEN?src=hash&amp;ref_src=twsrc%5Etfw\">#\u00d6KOSOZIALISTEN<\/a> <a href=\"https:\/\/t.co\/42uYnjXIRQ\">https:\/\/t.co\/42uYnjXIRQ<\/a><\/p>\n<p>&mdash; Menippeischer Satiriker, Blogger, Schriftsteller (@Scheinheilig16) <a href=\"https:\/\/twitter.com\/Scheinheilig16\/status\/1684474991184605184?ref_src=twsrc%5Etfw\">27. Juli 2023<\/a><\/p><\/blockquote>\n<\/div>\n\n<div class=\"twitter-share\"><a href=\"https:\/\/twitter.com\/intent\/tweet?via=haraldpaulick\" class=\"twitter-share-button\" data-size=\"large\">Twittern<\/a><\/div>\n","protected":false},"excerpt":{"rendered":"<p>#Wirtschaftsminister #Habeck sieht keinen Grund f\u00fcr &quot;German Angst&quot;Habeck hat f\u00fcr Industriestrompreis geworben, um #Unternehmen bei hohen Energiepreisen zu helfen &amp; #B\u00fcrger d\u00fcrfen dieses #Subventionen bezahlen mit #h\u00f6heren #Steuern. #GR\u00dcNE #\u00d6KOSOZIALISTEN https:\/\/t.co\/42uYnjXIRQ &mdash; Menippeischer Satiriker, Blogger, Schriftsteller (@Scheinheilig16) 27. Juli 2023<\/p>\n","protected":false},"author":1,"featured_media":0,"comment_status":"closed","ping_status":"open","sticky":false,"template":"","format":"standard","meta":{"footnotes":""},"categories":[{"term_id":49,"name":"Deutschland schafft sich ab","slug":"deutschland-schafft-sich-ab","term_group":0,"term_taxonomy_id":49,"taxonomy":"category","description":"","parent":0,"count":661,"filter":"raw","cat_ID":49,"category_count":661,"category_description":"","cat_name":"Deutschland schafft sich ab","category_nicename":"deutschland-schafft-sich-ab","category_parent":0},{"term_id":30,"name":"GR\u00dcNE Murks Politik","slug":"gruene-murks-politik","term_group":0,"term_taxonomy_id":30,"taxonomy":"category","description":"","parent":0,"count":804,"filter":"raw","cat_ID":30,"category_count":804,"category_description":"","cat_name":"GR\u00dcNE Murks Politik","category_nicename":"gruene-murks-politik","category_parent":0},{"term_id":39,"name":"Verbotskoalition","slug":"verbotskoalition","term_group":0,"term_taxonomy_id":39,"taxonomy":"category","description":"","parent":0,"count":248,"filter":"raw","cat_ID":39,"category_count":248,"category_description":"","cat_name":"Verbotskoalition","category_nicename":"verbotskoalition","category_parent":0}],"tags":[],"class_list":["post-970","post","type-post","status-publish","format-standard","hentry","category-deutschland-schafft-sich-ab","category-gruene-murks-politik","category-verbotskoalition"],"images":{"thumbnail":false,"medium":false,"medium_large":false,"large":false,"full":false},"_links":{"self":[{"href":"https:\/\/hpaulick.de\/index.php?rest_route=\/wp\/v2\/posts\/970","targetHints":{"allow":["GET"]}}],"collection":[{"href":"https:\/\/hpaulick.de\/index.php?rest_route=\/wp\/v2\/posts"}],"about":[{"href":"https:\/\/hpaulick.de\/index.php?rest_route=\/wp\/v2\/types\/post"}],"author":[{"embeddable":true,"href":"https:\/\/hpaulick.de\/index.php?rest_route=\/wp\/v2\/users\/1"}],"replies":[{"embeddable":true,"href":"https:\/\/hpaulick.de\/index.php?rest_route=%2Fwp%2Fv2%2Fcomments&post=970"}],"version-history":[{"count":1,"href":"https:\/\/hpaulick.de\/index.php?rest_route=\/wp\/v2\/posts\/970\/revisions"}],"predecessor-version":[{"id":971,"href":"https:\/\/hpaulick.de\/index.php?rest_route=\/wp\/v2\/posts\/970\/revisions\/971"}],"wp:attachment":[{"href":"https:\/\/hpaulick.de\/index.php?rest_route=%2Fwp%2Fv2%2Fmedia&parent=970"}],"wp:term":[{"taxonomy":"category","embeddable":true,"href":"https:\/\/hpaulick.de\/index.php?rest_route=%2Fwp%2Fv2%2Fcategories&post=970"},{"taxonomy":"post_tag","embeddable":true,"href":"https:\/\/hpaulick.de\/index.php?rest_route=%2Fwp%2Fv2%2Ftags&post=970"}],"curies":[{"name":"wp","href":"https:\/\/api.w.org\/{rel}","templated":true}]}}