{"id":976,"date":"2023-07-29T05:51:42","date_gmt":"2023-07-29T05:51:42","guid":{"rendered":"http:\/\/hpaulick.de\/?p=976"},"modified":"2023-07-29T05:51:42","modified_gmt":"2023-07-29T05:51:42","slug":"erfahrungsbericht-e-auto","status":"publish","type":"post","link":"https:\/\/hpaulick.de\/?p=976","title":{"rendered":"Erfahrungsbericht E-Auto"},"content":{"rendered":"<div class=\"twitter-tweet\">\n<blockquote class=\"twitter-tweet\" data-lang=\"de\">\n<p lang=\"de\" dir=\"ltr\">Erfahrungsbericht E-Auto:<br \/>E-Auto-Fahrer rechnet seine Kosten vor<br \/>Ausgaben sind extrem: 1000\u20ac \/Monat<br \/>7 Software-Versionen und ein neuer Antriebsstrang<br \/>Klimaanlage und die K\u00fchlung der Batterie quittierten im Italien-Urlaub ihren Dienst<br \/>SCH\u00d6NE GR\u00dcNE ZUKUNFT <a href=\"https:\/\/t.co\/iQwJJhsxzL\">https:\/\/t.co\/iQwJJhsxzL<\/a><\/p>\n<p>&mdash; Menippeischer Satiriker, Blogger, Schriftsteller (@Scheinheilig16) <a href=\"https:\/\/twitter.com\/Scheinheilig16\/status\/1685165714942935040?ref_src=twsrc%5Etfw\">29. Juli 2023<\/a><\/p><\/blockquote>\n<\/div>\n\n<div class=\"twitter-share\"><a href=\"https:\/\/twitter.com\/intent\/tweet?via=haraldpaulick\" class=\"twitter-share-button\" data-size=\"large\">Twittern<\/a><\/div>\n","protected":false},"excerpt":{"rendered":"<p>Erfahrungsbericht E-Auto:E-Auto-Fahrer rechnet seine Kosten vorAusgaben sind extrem: 1000\u20ac \/Monat7 Software-Versionen und ein neuer AntriebsstrangKlimaanlage und die K\u00fchlung der Batterie quittierten im Italien-Urlaub ihren DienstSCH\u00d6NE GR\u00dcNE ZUKUNFT https:\/\/t.co\/iQwJJhsxzL &mdash; Menippeischer Satiriker, Blogger, Schriftsteller (@Scheinheilig16) 29. Juli 2023<\/p>\n","protected":false},"author":1,"featured_media":0,"comment_status":"closed","ping_status":"open","sticky":false,"template":"","format":"standard","meta":{"footnotes":""},"categories":[{"term_id":69,"name":"E-Mobilit\u00e4t","slug":"e-mobilitaet","term_group":0,"term_taxonomy_id":69,"taxonomy":"category","description":"","parent":0,"count":33,"filter":"raw","cat_ID":69,"category_count":33,"category_description":"","cat_name":"E-Mobilit\u00e4t","category_nicename":"e-mobilitaet","category_parent":0},{"term_id":30,"name":"GR\u00dcNE Murks Politik","slug":"gruene-murks-politik","term_group":0,"term_taxonomy_id":30,"taxonomy":"category","description":"","parent":0,"count":804,"filter":"raw","cat_ID":30,"category_count":804,"category_description":"","cat_name":"GR\u00dcNE Murks Politik","category_nicename":"gruene-murks-politik","category_parent":0},{"term_id":53,"name":"Konjunktur","slug":"konjunktur","term_group":0,"term_taxonomy_id":53,"taxonomy":"category","description":"","parent":0,"count":44,"filter":"raw","cat_ID":53,"category_count":44,"category_description":"","cat_name":"Konjunktur","category_nicename":"konjunktur","category_parent":0},{"term_id":67,"name":"Umweltschutz","slug":"umweltschutz","term_group":0,"term_taxonomy_id":67,"taxonomy":"category","description":"","parent":0,"count":43,"filter":"raw","cat_ID":67,"category_count":43,"category_description":"","cat_name":"Umweltschutz","category_nicename":"umweltschutz","category_parent":0},{"term_id":39,"name":"Verbotskoalition","slug":"verbotskoalition","term_group":0,"term_taxonomy_id":39,"taxonomy":"category","description":"","parent":0,"count":248,"filter":"raw","cat_ID":39,"category_count":248,"category_description":"","cat_name":"Verbotskoalition","category_nicename":"verbotskoalition","category_parent":0}],"tags":[],"class_list":["post-976","post","type-post","status-publish","format-standard","hentry","category-e-mobilitaet","category-gruene-murks-politik","category-konjunktur","category-umweltschutz","category-verbotskoalition"],"images":{"thumbnail":false,"medium":false,"medium_large":false,"large":false,"full":false},"_links":{"self":[{"href":"https:\/\/hpaulick.de\/index.php?rest_route=\/wp\/v2\/posts\/976","targetHints":{"allow":["GET"]}}],"collection":[{"href":"https:\/\/hpaulick.de\/index.php?rest_route=\/wp\/v2\/posts"}],"about":[{"href":"https:\/\/hpaulick.de\/index.php?rest_route=\/wp\/v2\/types\/post"}],"author":[{"embeddable":true,"href":"https:\/\/hpaulick.de\/index.php?rest_route=\/wp\/v2\/users\/1"}],"replies":[{"embeddable":true,"href":"https:\/\/hpaulick.de\/index.php?rest_route=%2Fwp%2Fv2%2Fcomments&post=976"}],"version-history":[{"count":1,"href":"https:\/\/hpaulick.de\/index.php?rest_route=\/wp\/v2\/posts\/976\/revisions"}],"predecessor-version":[{"id":977,"href":"https:\/\/hpaulick.de\/index.php?rest_route=\/wp\/v2\/posts\/976\/revisions\/977"}],"wp:attachment":[{"href":"https:\/\/hpaulick.de\/index.php?rest_route=%2Fwp%2Fv2%2Fmedia&parent=976"}],"wp:term":[{"taxonomy":"category","embeddable":true,"href":"https:\/\/hpaulick.de\/index.php?rest_route=%2Fwp%2Fv2%2Fcategories&post=976"},{"taxonomy":"post_tag","embeddable":true,"href":"https:\/\/hpaulick.de\/index.php?rest_route=%2Fwp%2Fv2%2Ftags&post=976"}],"curies":[{"name":"wp","href":"https:\/\/api.w.org\/{rel}","templated":true}]}}