{"id":978,"date":"2023-07-29T07:38:22","date_gmt":"2023-07-29T07:38:22","guid":{"rendered":"http:\/\/hpaulick.de\/?p=978"},"modified":"2023-07-29T07:38:22","modified_gmt":"2023-07-29T07:38:22","slug":"afd-parteitag-geil-wie-chrupalla-den-meuthen-fertiggemacht-hat","status":"publish","type":"post","link":"https:\/\/hpaulick.de\/?p=978","title":{"rendered":"AfD-Parteitag &#8222;Geil, wie Chrupalla den Meuthen fertiggemacht hat?&#8220;"},"content":{"rendered":"<div class=\"twitter-tweet\">\n<blockquote class=\"twitter-tweet\" data-lang=\"de\">\n<p lang=\"de\" dir=\"ltr\"><a href=\"https:\/\/twitter.com\/hashtag\/AfD?src=hash&amp;ref_src=twsrc%5Etfw\">#AfD<\/a>&#8211;<a href=\"https:\/\/twitter.com\/hashtag\/Parteitag?src=hash&amp;ref_src=twsrc%5Etfw\">#Parteitag<\/a><br \/>&quot;Geil, wie Chrupalla den Meuthen fertiggemacht hat&quot;<br \/>Was will die AfD?<br \/>Raus aus der <a href=\"https:\/\/twitter.com\/hashtag\/EU?src=hash&amp;ref_src=twsrc%5Etfw\">#EU<\/a>&#8211; 88% der B\u00fcrger wollen&#39;s nicht<br \/>Raus aus der <a href=\"https:\/\/twitter.com\/hashtag\/NATO?src=hash&amp;ref_src=twsrc%5Etfw\">#NATO<\/a>&#8211; 82% der B\u00fcrger wollen&#39;s nicht<br \/>Raus aus dem <a href=\"https:\/\/twitter.com\/hashtag\/EURO?src=hash&amp;ref_src=twsrc%5Etfw\">#EURO<\/a>&#8211; 89% der B\u00fcrger wollen&#39;s nicht<br \/>Warum also AfD w\u00e4hlen?<a href=\"https:\/\/t.co\/6Sd5SrpE6D\">https:\/\/t.co\/6Sd5SrpE6D<\/a><\/p>\n<p>&mdash; Menippeischer Satiriker, Blogger, Schriftsteller (@Scheinheilig16) <a href=\"https:\/\/twitter.com\/Scheinheilig16\/status\/1685192581729132544?ref_src=twsrc%5Etfw\">29. Juli 2023<\/a><\/p><\/blockquote>\n<\/div>\n\n<div class=\"twitter-share\"><a href=\"https:\/\/twitter.com\/intent\/tweet?via=haraldpaulick\" class=\"twitter-share-button\" data-size=\"large\">Twittern<\/a><\/div>\n","protected":false},"excerpt":{"rendered":"<p>#AfD&#8211;#Parteitag&quot;Geil, wie Chrupalla den Meuthen fertiggemacht hat&quot;Was will die AfD?Raus aus der #EU&#8211; 88% der B\u00fcrger wollen&#39;s nichtRaus aus der #NATO&#8211; 82% der B\u00fcrger wollen&#39;s nichtRaus aus dem #EURO&#8211; 89% der B\u00fcrger wollen&#39;s nichtWarum also AfD w\u00e4hlen?https:\/\/t.co\/6Sd5SrpE6D &mdash; Menippeischer Satiriker, Blogger, Schriftsteller (@Scheinheilig16) 29. Juli 2023<\/p>\n","protected":false},"author":1,"featured_media":0,"comment_status":"closed","ping_status":"open","sticky":false,"template":"","format":"standard","meta":{"footnotes":""},"categories":[{"term_id":42,"name":"AfD","slug":"afd","term_group":0,"term_taxonomy_id":42,"taxonomy":"category","description":"","parent":0,"count":120,"filter":"raw","cat_ID":42,"category_count":120,"category_description":"","cat_name":"AfD","category_nicename":"afd","category_parent":0},{"term_id":76,"name":"DAGEGENPARTEI - AfD","slug":"dagegenpartei-afd","term_group":0,"term_taxonomy_id":76,"taxonomy":"category","description":"","parent":0,"count":29,"filter":"raw","cat_ID":76,"category_count":29,"category_description":"","cat_name":"DAGEGENPARTEI - AfD","category_nicename":"dagegenpartei-afd","category_parent":0},{"term_id":48,"name":"Rechte Tendenzen","slug":"rechte-tendenzen","term_group":0,"term_taxonomy_id":48,"taxonomy":"category","description":"","parent":0,"count":23,"filter":"raw","cat_ID":48,"category_count":23,"category_description":"","cat_name":"Rechte Tendenzen","category_nicename":"rechte-tendenzen","category_parent":0}],"tags":[],"class_list":["post-978","post","type-post","status-publish","format-standard","hentry","category-afd","category-dagegenpartei-afd","category-rechte-tendenzen"],"images":{"thumbnail":false,"medium":false,"medium_large":false,"large":false,"full":false},"_links":{"self":[{"href":"https:\/\/hpaulick.de\/index.php?rest_route=\/wp\/v2\/posts\/978","targetHints":{"allow":["GET"]}}],"collection":[{"href":"https:\/\/hpaulick.de\/index.php?rest_route=\/wp\/v2\/posts"}],"about":[{"href":"https:\/\/hpaulick.de\/index.php?rest_route=\/wp\/v2\/types\/post"}],"author":[{"embeddable":true,"href":"https:\/\/hpaulick.de\/index.php?rest_route=\/wp\/v2\/users\/1"}],"replies":[{"embeddable":true,"href":"https:\/\/hpaulick.de\/index.php?rest_route=%2Fwp%2Fv2%2Fcomments&post=978"}],"version-history":[{"count":1,"href":"https:\/\/hpaulick.de\/index.php?rest_route=\/wp\/v2\/posts\/978\/revisions"}],"predecessor-version":[{"id":979,"href":"https:\/\/hpaulick.de\/index.php?rest_route=\/wp\/v2\/posts\/978\/revisions\/979"}],"wp:attachment":[{"href":"https:\/\/hpaulick.de\/index.php?rest_route=%2Fwp%2Fv2%2Fmedia&parent=978"}],"wp:term":[{"taxonomy":"category","embeddable":true,"href":"https:\/\/hpaulick.de\/index.php?rest_route=%2Fwp%2Fv2%2Fcategories&post=978"},{"taxonomy":"post_tag","embeddable":true,"href":"https:\/\/hpaulick.de\/index.php?rest_route=%2Fwp%2Fv2%2Ftags&post=978"}],"curies":[{"name":"wp","href":"https:\/\/api.w.org\/{rel}","templated":true}]}}