{"id":980,"date":"2023-07-30T08:30:46","date_gmt":"2023-07-30T08:30:46","guid":{"rendered":"http:\/\/hpaulick.de\/?p=980"},"modified":"2023-07-30T08:30:46","modified_gmt":"2023-07-30T08:30:46","slug":"warum-afd-katerstimmung-droht","status":"publish","type":"post","link":"https:\/\/hpaulick.de\/?p=980","title":{"rendered":"Warum AfD Katerstimmung droht"},"content":{"rendered":"<div class=\"twitter-tweet\">\n<blockquote class=\"twitter-tweet\" data-lang=\"de\">\n<p lang=\"de\" dir=\"ltr\">Warum <a href=\"https:\/\/twitter.com\/hashtag\/AfD?src=hash&amp;ref_src=twsrc%5Etfw\">#AfD<\/a> <a href=\"https:\/\/twitter.com\/hashtag\/Katerstimmung?src=hash&amp;ref_src=twsrc%5Etfw\">#Katerstimmung<\/a> droht<br \/>Angesichts des Umfragehochs h\u00e4tte AfD beim heutigen Parteitag &amp; anschlie\u00dfenden Europawahlversammlung Grund zum Feiern<br \/>Doch Partystimmung kommt bisher nicht auf<br \/>Zu gro\u00df sind Sorgen vor einem Desaster<br \/>RAUS aus EU, NATO und \u20ac?<a href=\"https:\/\/t.co\/44OuNrCaMI\">https:\/\/t.co\/44OuNrCaMI<\/a><\/p>\n<p>&mdash; Menippeischer Satiriker, Blogger, Schriftsteller (@Scheinheilig16) <a href=\"https:\/\/twitter.com\/Scheinheilig16\/status\/1685568399315734528?ref_src=twsrc%5Etfw\">30. Juli 2023<\/a><\/p><\/blockquote>\n<\/div>\n\n<div class=\"twitter-share\"><a href=\"https:\/\/twitter.com\/intent\/tweet?via=haraldpaulick\" class=\"twitter-share-button\" data-size=\"large\">Twittern<\/a><\/div>\n","protected":false},"excerpt":{"rendered":"<p>Warum #AfD #Katerstimmung drohtAngesichts des Umfragehochs h\u00e4tte AfD beim heutigen Parteitag &amp; anschlie\u00dfenden Europawahlversammlung Grund zum FeiernDoch Partystimmung kommt bisher nicht aufZu gro\u00df sind Sorgen vor einem DesasterRAUS aus EU, NATO und \u20ac?https:\/\/t.co\/44OuNrCaMI &mdash; Menippeischer Satiriker, Blogger, Schriftsteller (@Scheinheilig16) 30. Juli 2023<\/p>\n","protected":false},"author":1,"featured_media":0,"comment_status":"closed","ping_status":"open","sticky":false,"template":"","format":"standard","meta":{"footnotes":""},"categories":[{"term_id":42,"name":"AfD","slug":"afd","term_group":0,"term_taxonomy_id":42,"taxonomy":"category","description":"","parent":0,"count":121,"filter":"raw","cat_ID":42,"category_count":121,"category_description":"","cat_name":"AfD","category_nicename":"afd","category_parent":0},{"term_id":76,"name":"DAGEGENPARTEI - AfD","slug":"dagegenpartei-afd","term_group":0,"term_taxonomy_id":76,"taxonomy":"category","description":"","parent":0,"count":29,"filter":"raw","cat_ID":76,"category_count":29,"category_description":"","cat_name":"DAGEGENPARTEI - AfD","category_nicename":"dagegenpartei-afd","category_parent":0},{"term_id":40,"name":"Partei ohne ARSCH in der HOSE","slug":"partei-ohne-arsch-in-der-hose","term_group":0,"term_taxonomy_id":40,"taxonomy":"category","description":"","parent":0,"count":236,"filter":"raw","cat_ID":40,"category_count":236,"category_description":"","cat_name":"Partei ohne ARSCH in der HOSE","category_nicename":"partei-ohne-arsch-in-der-hose","category_parent":0}],"tags":[],"class_list":["post-980","post","type-post","status-publish","format-standard","hentry","category-afd","category-dagegenpartei-afd","category-partei-ohne-arsch-in-der-hose"],"images":{"thumbnail":false,"medium":false,"medium_large":false,"large":false,"full":false},"_links":{"self":[{"href":"https:\/\/hpaulick.de\/index.php?rest_route=\/wp\/v2\/posts\/980","targetHints":{"allow":["GET"]}}],"collection":[{"href":"https:\/\/hpaulick.de\/index.php?rest_route=\/wp\/v2\/posts"}],"about":[{"href":"https:\/\/hpaulick.de\/index.php?rest_route=\/wp\/v2\/types\/post"}],"author":[{"embeddable":true,"href":"https:\/\/hpaulick.de\/index.php?rest_route=\/wp\/v2\/users\/1"}],"replies":[{"embeddable":true,"href":"https:\/\/hpaulick.de\/index.php?rest_route=%2Fwp%2Fv2%2Fcomments&post=980"}],"version-history":[{"count":1,"href":"https:\/\/hpaulick.de\/index.php?rest_route=\/wp\/v2\/posts\/980\/revisions"}],"predecessor-version":[{"id":981,"href":"https:\/\/hpaulick.de\/index.php?rest_route=\/wp\/v2\/posts\/980\/revisions\/981"}],"wp:attachment":[{"href":"https:\/\/hpaulick.de\/index.php?rest_route=%2Fwp%2Fv2%2Fmedia&parent=980"}],"wp:term":[{"taxonomy":"category","embeddable":true,"href":"https:\/\/hpaulick.de\/index.php?rest_route=%2Fwp%2Fv2%2Fcategories&post=980"},{"taxonomy":"post_tag","embeddable":true,"href":"https:\/\/hpaulick.de\/index.php?rest_route=%2Fwp%2Fv2%2Ftags&post=980"}],"curies":[{"name":"wp","href":"https:\/\/api.w.org\/{rel}","templated":true}]}}