{"id":992,"date":"2023-08-05T08:24:56","date_gmt":"2023-08-05T08:24:56","guid":{"rendered":"http:\/\/hpaulick.de\/?p=992"},"modified":"2023-08-05T08:24:56","modified_gmt":"2023-08-05T08:24:56","slug":"alles-sollte-der-muendige-buerger-wohl-doch-nicht-ueber-die-afd-erfahren","status":"publish","type":"post","link":"https:\/\/hpaulick.de\/?p=992","title":{"rendered":"Alles sollte der m\u00fcndige B\u00fcrger wohl doch nicht \u00fcber die AfD erfahren:"},"content":{"rendered":"<div class=\"twitter-tweet\">\n<blockquote class=\"twitter-tweet\" data-lang=\"de\">\n<p lang=\"de\" dir=\"ltr\">Alles sollte der m\u00fcndige B\u00fcrger wohl doch nicht \u00fcber die AfD erfahren:<br \/>Kritischer Moment auf AfD-Parteitag<br \/>Weidel schreitet ein \u2013 Livestream unterbrochen<br \/>Der BRAUNE WOLF zeigte wohl seine Z\u00c4HNE &#8230;<a href=\"https:\/\/t.co\/ugFttvUmNd\">https:\/\/t.co\/ugFttvUmNd<\/a><\/p>\n<p>&mdash; Menippeischer Satiriker, Blogger, Schriftsteller (@Scheinheilig16) <a href=\"https:\/\/twitter.com\/Scheinheilig16\/status\/1687734111861956608?ref_src=twsrc%5Etfw\">5. August 2023<\/a><\/p><\/blockquote>\n<\/div>\n\n<div class=\"twitter-share\"><a href=\"https:\/\/twitter.com\/intent\/tweet?via=haraldpaulick\" class=\"twitter-share-button\" data-size=\"large\">Twittern<\/a><\/div>\n","protected":false},"excerpt":{"rendered":"<p>Alles sollte der m\u00fcndige B\u00fcrger wohl doch nicht \u00fcber die AfD erfahren:Kritischer Moment auf AfD-ParteitagWeidel schreitet ein \u2013 Livestream unterbrochenDer BRAUNE WOLF zeigte wohl seine Z\u00c4HNE &#8230;https:\/\/t.co\/ugFttvUmNd &mdash; Menippeischer Satiriker, Blogger, Schriftsteller (@Scheinheilig16) 5. August 2023<\/p>\n","protected":false},"author":1,"featured_media":0,"comment_status":"closed","ping_status":"open","sticky":false,"template":"","format":"standard","meta":{"footnotes":""},"categories":[{"term_id":42,"name":"AfD","slug":"afd","term_group":0,"term_taxonomy_id":42,"taxonomy":"category","description":"","parent":0,"count":121,"filter":"raw","cat_ID":42,"category_count":121,"category_description":"","cat_name":"AfD","category_nicename":"afd","category_parent":0},{"term_id":76,"name":"DAGEGENPARTEI - AfD","slug":"dagegenpartei-afd","term_group":0,"term_taxonomy_id":76,"taxonomy":"category","description":"","parent":0,"count":29,"filter":"raw","cat_ID":76,"category_count":29,"category_description":"","cat_name":"DAGEGENPARTEI - AfD","category_nicename":"dagegenpartei-afd","category_parent":0}],"tags":[],"class_list":["post-992","post","type-post","status-publish","format-standard","hentry","category-afd","category-dagegenpartei-afd"],"images":{"thumbnail":false,"medium":false,"medium_large":false,"large":false,"full":false},"_links":{"self":[{"href":"https:\/\/hpaulick.de\/index.php?rest_route=\/wp\/v2\/posts\/992","targetHints":{"allow":["GET"]}}],"collection":[{"href":"https:\/\/hpaulick.de\/index.php?rest_route=\/wp\/v2\/posts"}],"about":[{"href":"https:\/\/hpaulick.de\/index.php?rest_route=\/wp\/v2\/types\/post"}],"author":[{"embeddable":true,"href":"https:\/\/hpaulick.de\/index.php?rest_route=\/wp\/v2\/users\/1"}],"replies":[{"embeddable":true,"href":"https:\/\/hpaulick.de\/index.php?rest_route=%2Fwp%2Fv2%2Fcomments&post=992"}],"version-history":[{"count":1,"href":"https:\/\/hpaulick.de\/index.php?rest_route=\/wp\/v2\/posts\/992\/revisions"}],"predecessor-version":[{"id":993,"href":"https:\/\/hpaulick.de\/index.php?rest_route=\/wp\/v2\/posts\/992\/revisions\/993"}],"wp:attachment":[{"href":"https:\/\/hpaulick.de\/index.php?rest_route=%2Fwp%2Fv2%2Fmedia&parent=992"}],"wp:term":[{"taxonomy":"category","embeddable":true,"href":"https:\/\/hpaulick.de\/index.php?rest_route=%2Fwp%2Fv2%2Fcategories&post=992"},{"taxonomy":"post_tag","embeddable":true,"href":"https:\/\/hpaulick.de\/index.php?rest_route=%2Fwp%2Fv2%2Ftags&post=992"}],"curies":[{"name":"wp","href":"https:\/\/api.w.org\/{rel}","templated":true}]}}